{"id":6025,"date":"2017-12-06T05:45:20","date_gmt":"2017-12-06T03:45:20","guid":{"rendered":"https:\/\/lopunajat.fi\/blogi\/?p=6025"},"modified":"2017-12-10T06:06:06","modified_gmt":"2017-12-10T04:06:06","slug":"5-12-2017-venaja-harjoittelee-taisteluammuntoja-pohjois-korean-rajalla","status":"publish","type":"post","link":"https:\/\/lopunajat.fi\/blogi\/5-12-2017-venaja-harjoittelee-taisteluammuntoja-pohjois-korean-rajalla\/","title":{"rendered":"5.12.2017: Ven\u00e4j\u00e4 harjoittelee taisteluammuntoja Pohjois-Korean rajalla"},"content":{"rendered":"<h3>&#8221;Ven\u00e4j\u00e4n merijalkav\u00e4ki on aloittanut sotaharjoitukset Pohjois-Korean rajalla.<\/h3>\n<p>Asiasta kertoi Ven\u00e4j\u00e4n puolustusministeri\u00f6 tiedotteessaan.<\/p>\n<p>Noin 1000 Ven\u00e4j\u00e4n Tyynenmeren laivaston merijalkav\u00e4en sotilasta on m\u00e4\u00e4r\u00e4tty taisteluammuntoihin Kamt\u0161atkan ja Primorjen alueille.<\/p>\n<p>Primorjen alueella sotilaat harjoittelevat taktisia taistelutaitoja Bamburovon ja Gornostain harjoitusalueilla. Sotilaat aloittivat taisteluammunnat rynn\u00e4kk\u00f6kiv\u00e4\u00e4reill\u00e4 jo maanantaina.<\/p>\n<p>Primorjen aluepiirin etel\u00e4osassa sijaitsee Ven\u00e4j\u00e4n ja Pohjois-Korean v\u00e4linen 17 kilometrin pituinen kapea raja. Newsweek kertoo, ett\u00e4 Bamburovon harjoitusalue sijaitsee vain noin 100 kilometrin p\u00e4\u00e4ss\u00e4 Pohjois-Korean rajasta.<\/p>\n<p>Ven\u00e4j\u00e4n presidentin turvallisuusneuvonantaja Nikolai Patru\u0161ev totesi viime viikolla, ett\u00e4 Ven\u00e4j\u00e4 valmistautuu puolustautumaan, jos tilanne Pohjois-Korean rajalla muodostuisi sodaksi.&#8221;<\/p>\n<p><a href=\"https:\/\/www.verkkouutiset.fi\/venaja-harjoittelee-taisteluammuntoja-pohjois-korean-rajalla\/\" class=\"autohyperlink\" target=\"_blank\">https:\/\/www.verkkouutiset.fi\/venaja-harjoittelee-taisteluammuntoja-pohjois-korean-rajalla\/<\/a><\/p>\n<p>&nbsp;<\/p>\n<p>&nbsp;<\/p>\n","protected":false},"excerpt":{"rendered":"<p>&#8221;Ven\u00e4j\u00e4n merijalkav\u00e4ki on aloittanut sotaharjoitukset Pohjois-Korean rajalla. Asiasta kertoi Ven\u00e4j\u00e4n puolustusministeri\u00f6 tiedotteessaan. Noin 1000 Ven\u00e4j\u00e4n Tyynenmeren laivaston merijalkav\u00e4en sotilasta on m\u00e4\u00e4r\u00e4tty taisteluammuntoihin Kamt\u0161atkan ja Primorjen alueille. Primorjen alueella sotilaat harjoittelevat taktisia taistelutaitoja Bamburovon ja Gornostain harjoitusalueilla. Sotilaat aloittivat taisteluammunnat rynn\u00e4kk\u00f6kiv\u00e4\u00e4reill\u00e4 jo maanantaina. Primorjen aluepiirin etel\u00e4osassa sijaitsee Ven\u00e4j\u00e4n ja Pohjois-Korean v\u00e4linen 17 kilometrin pituinen kapea raja. [&hellip;]<\/p>\n","protected":false},"author":1,"featured_media":0,"comment_status":"closed","ping_status":"closed","sticky":false,"template":"","format":"standard","meta":{"footnotes":""},"categories":[1],"tags":[],"class_list":["post-6025","post","type-post","status-publish","format-standard","hentry","category-yleinen"],"_links":{"self":[{"href":"https:\/\/lopunajat.fi\/blogi\/wp-json\/wp\/v2\/posts\/6025","targetHints":{"allow":["GET"]}}],"collection":[{"href":"https:\/\/lopunajat.fi\/blogi\/wp-json\/wp\/v2\/posts"}],"about":[{"href":"https:\/\/lopunajat.fi\/blogi\/wp-json\/wp\/v2\/types\/post"}],"author":[{"embeddable":true,"href":"https:\/\/lopunajat.fi\/blogi\/wp-json\/wp\/v2\/users\/1"}],"replies":[{"embeddable":true,"href":"https:\/\/lopunajat.fi\/blogi\/wp-json\/wp\/v2\/comments?post=6025"}],"version-history":[{"count":1,"href":"https:\/\/lopunajat.fi\/blogi\/wp-json\/wp\/v2\/posts\/6025\/revisions"}],"predecessor-version":[{"id":6026,"href":"https:\/\/lopunajat.fi\/blogi\/wp-json\/wp\/v2\/posts\/6025\/revisions\/6026"}],"wp:attachment":[{"href":"https:\/\/lopunajat.fi\/blogi\/wp-json\/wp\/v2\/media?parent=6025"}],"wp:term":[{"taxonomy":"category","embeddable":true,"href":"https:\/\/lopunajat.fi\/blogi\/wp-json\/wp\/v2\/categories?post=6025"},{"taxonomy":"post_tag","embeddable":true,"href":"https:\/\/lopunajat.fi\/blogi\/wp-json\/wp\/v2\/tags?post=6025"}],"curies":[{"name":"wp","href":"https:\/\/api.w.org\/{rel}","templated":true}]}}