{"id":3736,"date":"2015-09-26T23:15:15","date_gmt":"2015-09-26T20:15:15","guid":{"rendered":"http:\/\/www.lopunajat.fi\/blogi\/?p=3736"},"modified":"2015-09-26T23:15:15","modified_gmt":"2015-09-26T20:15:15","slug":"26-9-2015-paavi-franciscus-julkaisee-pop-rock-albumin","status":"publish","type":"post","link":"https:\/\/lopunajat.fi\/blogi\/26-9-2015-paavi-franciscus-julkaisee-pop-rock-albumin\/","title":{"rendered":"26.9.2015: Paavi Franciscus julkaisee pop-rock-albumin"},"content":{"rendered":"<p>&#8221;Katolisen kirkon johtajan puheita taustoittaa musiikki rockista gregoriaanisiin kirkkolauluihin.<\/p>\n<p>Vatikaanin hyv\u00e4ksym\u00e4ll\u00e4 albumilla on 11 paavin julkista puhetta espanjaksi, italiaksi, portugaliksi ja englanniksi sek\u00e4 virsi\u00e4 nykymuusikoiden ty\u00f6st\u00e4m\u00e4n\u00e4, kertoo levy-yhti\u00f6 Believe Digital.\u00a0 &#8221;Pope Francis: Wake Up!&#8221; -levy julkaistaan 27.\u00a0marraskuuta.<\/p>\n<p>Sattumoisin my\u00f6s brittil\u00e4inen pop-yhtye The Vamps julkaisee samana p\u00e4iv\u00e4n\u00e4 &#8221;Wake up!&#8221; -nimisen levyn. Uutistoimisto AP:n mukaan The Vamps on kertonut, etteiv\u00e4t he tienneet paavin julkaisevan levy\u00e4, mutta heid\u00e4n mielest\u00e4\u00e4n tilanne on &#8221;todella siisti ja on kunnia julkaista samana p\u00e4iv\u00e4n\u00e4 samanniminen levy kuin paavi&#8221;.<\/p>\n<p>&#8221;Her\u00e4\u00e4! Mene! Mene! Eteenp\u00e4in!&#8221;<br \/>\nPaavi Franciscuksen levyn nimiraita on &#8221;Wake Up! Go! Go! Forward!&#8221; eli &#8221;Her\u00e4\u00e4! Mene! Mene! Eteenp\u00e4in!&#8221;. Kappale on paavin puheesta vuodelta 2014 Etel\u00e4-Koreassa. Kappaleessa paavi kehottaa kuulijoita her\u00e4\u00e4m\u00e4\u00e4n &#8221;sill\u00e4 kukaan joka nukkuu, ei voi laulaa, tanssia ja iloita&#8221;.<\/p>\n<p>Levyll\u00e4 kuultavat paavin puheet k\u00e4sittelev\u00e4t rauhaa, ty\u00f6t\u00e4, ihmisarvoa, h\u00e4d\u00e4ss\u00e4 olevia ihmisi\u00e4 sek\u00e4 ymp\u00e4rist\u00f6\u00e4, kertovat levyn tuottajat. Mukana on paavin rukous rauhan puolesta vuodelta 2014, kun Israelin presidentti Shimon Peres ja palestiinalaisten johtaja Mahmud Abbas vierailivat Vatikaanissa.&#8221;<\/p>\n<p><a href=\"http:\/\/yle.fi\/uutiset\/paavi_franciscus_julkaisee_pop-rock-albumin\/8334021\" target=\"_blank\">http:\/\/yle.fi\/uutiset\/paavi_franciscus_julkaisee_pop-rock-albumin\/8334021<\/a><\/p>\n","protected":false},"excerpt":{"rendered":"<p>&#8221;Katolisen kirkon johtajan puheita taustoittaa musiikki rockista gregoriaanisiin kirkkolauluihin. Vatikaanin hyv\u00e4ksym\u00e4ll\u00e4 albumilla on 11 paavin julkista puhetta espanjaksi, italiaksi, portugaliksi ja englanniksi sek\u00e4 virsi\u00e4 nykymuusikoiden ty\u00f6st\u00e4m\u00e4n\u00e4, kertoo levy-yhti\u00f6 Believe Digital.\u00a0 &#8221;Pope Francis: Wake Up!&#8221; -levy julkaistaan 27.\u00a0marraskuuta. Sattumoisin my\u00f6s brittil\u00e4inen pop-yhtye The Vamps julkaisee samana p\u00e4iv\u00e4n\u00e4 &#8221;Wake up!&#8221; -nimisen levyn. Uutistoimisto AP:n mukaan The Vamps [&hellip;]<\/p>\n","protected":false},"author":4,"featured_media":0,"comment_status":"closed","ping_status":"closed","sticky":false,"template":"","format":"standard","meta":{"footnotes":""},"categories":[1],"tags":[],"class_list":["post-3736","post","type-post","status-publish","format-standard","hentry","category-yleinen"],"_links":{"self":[{"href":"https:\/\/lopunajat.fi\/blogi\/wp-json\/wp\/v2\/posts\/3736","targetHints":{"allow":["GET"]}}],"collection":[{"href":"https:\/\/lopunajat.fi\/blogi\/wp-json\/wp\/v2\/posts"}],"about":[{"href":"https:\/\/lopunajat.fi\/blogi\/wp-json\/wp\/v2\/types\/post"}],"author":[{"embeddable":true,"href":"https:\/\/lopunajat.fi\/blogi\/wp-json\/wp\/v2\/users\/4"}],"replies":[{"embeddable":true,"href":"https:\/\/lopunajat.fi\/blogi\/wp-json\/wp\/v2\/comments?post=3736"}],"version-history":[{"count":1,"href":"https:\/\/lopunajat.fi\/blogi\/wp-json\/wp\/v2\/posts\/3736\/revisions"}],"predecessor-version":[{"id":3737,"href":"https:\/\/lopunajat.fi\/blogi\/wp-json\/wp\/v2\/posts\/3736\/revisions\/3737"}],"wp:attachment":[{"href":"https:\/\/lopunajat.fi\/blogi\/wp-json\/wp\/v2\/media?parent=3736"}],"wp:term":[{"taxonomy":"category","embeddable":true,"href":"https:\/\/lopunajat.fi\/blogi\/wp-json\/wp\/v2\/categories?post=3736"},{"taxonomy":"post_tag","embeddable":true,"href":"https:\/\/lopunajat.fi\/blogi\/wp-json\/wp\/v2\/tags?post=3736"}],"curies":[{"name":"wp","href":"https:\/\/api.w.org\/{rel}","templated":true}]}}