{"id":3730,"date":"2015-09-25T23:07:33","date_gmt":"2015-09-25T20:07:33","guid":{"rendered":"http:\/\/www.lopunajat.fi\/blogi\/?p=3730"},"modified":"2015-09-26T23:08:48","modified_gmt":"2015-09-26T20:08:48","slug":"25-9-2015-obaman-ja-putinin-odotettu-kohtaaminen-kaksikko-eri-mielta-valmiiksi-jopa-siita-kumpi-soitti","status":"publish","type":"post","link":"https:\/\/lopunajat.fi\/blogi\/25-9-2015-obaman-ja-putinin-odotettu-kohtaaminen-kaksikko-eri-mielta-valmiiksi-jopa-siita-kumpi-soitti\/","title":{"rendered":"25.9.2015: Obaman ja Putinin odotettu kohtaaminen: Kaksikko eri mielt\u00e4 valmiiksi jopa siit\u00e4, kumpi soitti"},"content":{"rendered":"<p>&#8221;Yhdysvaltain presidentti Barack Obama ja Ven\u00e4j\u00e4n presidentti Vladimir Putin tapaavat ensi viikolla New Yorkissa.<\/p>\n<p>Samaan aikaan tilanne niin L\u00e4hi-id\u00e4ss\u00e4 kuin Euroopassakin on kaoottinen.<\/p>\n<p>Kaksikon tapaamista odotetaan herke\u00e4m\u00e4tt\u00e4. Se on merkitt\u00e4v\u00e4 kohtaaminen, sill\u00e4 Obama ja Putin eiv\u00e4t ole kohdanneet hetkeen kaksin.<\/p>\n<p>Ven\u00e4j\u00e4n ja Yhdysvaltojen suhteet ovat olleet j\u00e4iset jo kuukausia, suurimmaksi osaksi It\u00e4-Ukrainan vaikean tilanteen vuoksi.<\/p>\n<p>Kommunikaation puutteesta ja vaikeudesta kertovat my\u00f6s tapaamista alustavat kommentit.<\/p>\n<p>Valkoinen talo sanoi torstaina, ett\u00e4 tapaaminen keskittyy kokonaisuutena It\u00e4-Ukrainan tilanteeseen ja Ven\u00e4j\u00e4n rooliin alueella. Yhdysvallat Euroopan maiden kanssa on asettanut Ven\u00e4j\u00e4lle kovia sanktioita, jotka ovat vaikuttaneet Ven\u00e4j\u00e4n talouteen.<\/p>\n<p>Moskovasta puolestaan ilmoitettiin heti, ett\u00e4 tapaamisessa keskustellaan ensisijaisesti Syyrian tilanteesta. Ven\u00e4j\u00e4 on kuljettanut Syyriaan muun muassa tankkeja ja ilmakalustoa viimeisten viikkojen aikana. Ven\u00e4j\u00e4 on ollut Syyrian presidentin Bashar al-Assadin liittolainen.<\/p>\n<p>Putinin tiedottaja Dmitri Peskov kommentoi tulevaa kohtaamista toimittajille.<\/p>\n<p>&#8211; Totta kai p\u00e4\u00e4aihe on Syyria.<\/p>\n<p>Kun toimittajat kysyiv\u00e4t, puhuuko presidenttikaksikko It\u00e4-Ukrainasta, Peskov vastasi ymp\u00e4ripy\u00f6re\u00e4sti.<\/p>\n<p>&#8211; No, jos on aikaa.<\/p>\n<p>Obaman tiedottaja Josh Earnest puolestaan kuittasi kollegansa sanomiset kommentoimalla, ett\u00e4 aikaa kyll\u00e4 l\u00f6ytyy. Earnest my\u00f6s toppuutteli innokasta mediaa toteamalla, ett\u00e4 kaksikon tapaamisesta ei v\u00e4ltt\u00e4m\u00e4tt\u00e4 ole odotettavissa &#8221;suuria tiedonantoja&#8221;.<\/p>\n<p>Tapaaminen ajoittuu samaan ajankohtaan YK:n yleiskokouksen kanssa, mik\u00e4 j\u00e4rjestet\u00e4\u00e4n New Yorkissa viikon alussa.<\/p>\n<p>Kaksikko ei n\u00e4yt\u00e4 p\u00e4\u00e4sev\u00e4n sopuun edes siit\u00e4, milloin maanantaina he tapaavat. Peskov kertoi Reutersille, ett\u00e4 tapaaminen on j\u00e4rjestetty Putinin puheen j\u00e4lkeen. Earnest puolestaan ei suostunut kommentoimaan tapaamisen ajankohtaa.<\/p>\n<p>Kaksikko oli my\u00f6s eri mielt\u00e4 siit\u00e4, kumpi kutsui kumman kohtaamiseen. Kremlin mukaan tapaaminen j\u00e4rjestettiin &#8221;yhteisymm\u00e4rryksess\u00e4&#8221;. Washington puolestaan ilmoitti, ett\u00e4 tapaamista pyysi Putin. Earnestin mukaan ven\u00e4l\u00e4isten on pakko p\u00e4\u00e4st\u00e4 puhumaan yhdysvaltalaisten kollegoidensa kanssa, sill\u00e4 talouspakotteet alkavat olla maalle liikaa.<\/p>\n<p>Kaksikon tapaamiset ovat olleet eritt\u00e4in j\u00e4isi\u00e4. Kes\u00e4kuulta 2013 muistetaan valokuva, jossa kumpikin johtaja n\u00e4ytti eritt\u00e4in poissaolevalta ja surkealta.&#8221;<\/p>\n<p><a href=\"http:\/\/www.aamulehti.fi\/Ulkomaat\/1194999476973\/artikkeli\/obaman+ja+putinin+odotettu+kohtaaminen+kaksikko+eri+mielta+valmiiksi+jopa+siita+kumpi+soitti.html\" target=\"_blank\">http:\/\/www.aamulehti.fi\/Ulkomaat\/1194999476973\/artikkeli\/obaman+ja+putinin+odotettu+kohtaaminen+kaksikko+eri+mielta+valmiiksi+jopa+siita+kumpi+soitti.html<\/a><\/p>\n<p>&nbsp;<\/p>\n","protected":false},"excerpt":{"rendered":"<p>&#8221;Yhdysvaltain presidentti Barack Obama ja Ven\u00e4j\u00e4n presidentti Vladimir Putin tapaavat ensi viikolla New Yorkissa. Samaan aikaan tilanne niin L\u00e4hi-id\u00e4ss\u00e4 kuin Euroopassakin on kaoottinen. Kaksikon tapaamista odotetaan herke\u00e4m\u00e4tt\u00e4. Se on merkitt\u00e4v\u00e4 kohtaaminen, sill\u00e4 Obama ja Putin eiv\u00e4t ole kohdanneet hetkeen kaksin. Ven\u00e4j\u00e4n ja Yhdysvaltojen suhteet ovat olleet j\u00e4iset jo kuukausia, suurimmaksi osaksi It\u00e4-Ukrainan vaikean tilanteen vuoksi. [&hellip;]<\/p>\n","protected":false},"author":4,"featured_media":0,"comment_status":"closed","ping_status":"closed","sticky":false,"template":"","format":"standard","meta":{"footnotes":""},"categories":[1],"tags":[],"class_list":["post-3730","post","type-post","status-publish","format-standard","hentry","category-yleinen"],"_links":{"self":[{"href":"https:\/\/lopunajat.fi\/blogi\/wp-json\/wp\/v2\/posts\/3730","targetHints":{"allow":["GET"]}}],"collection":[{"href":"https:\/\/lopunajat.fi\/blogi\/wp-json\/wp\/v2\/posts"}],"about":[{"href":"https:\/\/lopunajat.fi\/blogi\/wp-json\/wp\/v2\/types\/post"}],"author":[{"embeddable":true,"href":"https:\/\/lopunajat.fi\/blogi\/wp-json\/wp\/v2\/users\/4"}],"replies":[{"embeddable":true,"href":"https:\/\/lopunajat.fi\/blogi\/wp-json\/wp\/v2\/comments?post=3730"}],"version-history":[{"count":1,"href":"https:\/\/lopunajat.fi\/blogi\/wp-json\/wp\/v2\/posts\/3730\/revisions"}],"predecessor-version":[{"id":3731,"href":"https:\/\/lopunajat.fi\/blogi\/wp-json\/wp\/v2\/posts\/3730\/revisions\/3731"}],"wp:attachment":[{"href":"https:\/\/lopunajat.fi\/blogi\/wp-json\/wp\/v2\/media?parent=3730"}],"wp:term":[{"taxonomy":"category","embeddable":true,"href":"https:\/\/lopunajat.fi\/blogi\/wp-json\/wp\/v2\/categories?post=3730"},{"taxonomy":"post_tag","embeddable":true,"href":"https:\/\/lopunajat.fi\/blogi\/wp-json\/wp\/v2\/tags?post=3730"}],"curies":[{"name":"wp","href":"https:\/\/api.w.org\/{rel}","templated":true}]}}