{"id":3716,"date":"2015-09-24T13:55:11","date_gmt":"2015-09-24T10:55:11","guid":{"rendered":"http:\/\/www.lopunajat.fi\/blogi\/?p=3716"},"modified":"2015-09-24T13:55:23","modified_gmt":"2015-09-24T10:55:23","slug":"24-9-2015","status":"publish","type":"post","link":"https:\/\/lopunajat.fi\/blogi\/24-9-2015\/","title":{"rendered":"24.9.2015: Paavi vaati toimia ilmastonmuutosta vastaan: &#8221;El\u00e4mme kriittist\u00e4 aikaa historiassa&#8221;"},"content":{"rendered":"<p>&#8221;Paavi Franciscus vieraili presidentti Obaman vieraana Valkoisessa talossa.<\/p>\n<p>Katolisen kirkon johtaja paavi Franciscus ilmaisi keskiviikkona huolensa ilmastonmuutoksesta vieraillessaan presidentti Barack Obaman luona Valkoisessa talossa.<\/p>\n<p>Vierailun aikana pit\u00e4m\u00e4ss\u00e4\u00e4n puheessa paavi sanoi, ett\u00e4 ilmastonmuutos on ongelma, jota ei voi en\u00e4\u00e4 j\u00e4tt\u00e4\u00e4 tulevalle sukupolvelle.<\/p>\n<p>\u2013 Kun kyse on yhteisest\u00e4 kodistamme huolehtimisesta, el\u00e4mme kriittist\u00e4 aikaa historiassa, Franciscus sanoi.<\/p>\n<p>Paavi Franciscus sai keskiviikkona seremoniallisen vastaanoton Valkoisen talon nurmikolla, mink\u00e4 j\u00e4lkeen Obama ja Franciscus pitiv\u00e4t 40 minuutin kahdenkeskisen tapaamisen presidentin virkahuoneessa Oval Officessa.<\/p>\n<p>Valkoisessa talossa tekem\u00e4ns\u00e4 visiitin j\u00e4lkeen paavi tervehti katujen varsille ker\u00e4\u00e4ntyneit\u00e4 ihmisi\u00e4 avoimesta ajoneuvostaan. Nuori tytt\u00f6 ja vauva p\u00e4\u00e4stettiin turva-aitojen l\u00e4pi tervehtim\u00e4\u00e4n ja syleilem\u00e4\u00e4n paavia, BBC kertoo.<\/p>\n<p>Vierailunsa aikana paavi pit\u00e4\u00e4 kaksi merkitt\u00e4v\u00e4\u00e4 puhetta ensin torstaina Yhdysvaltain kongressille ja perjantaina YK:n yleiskokouksessa. Pakolaisten ja ilmastonmuutoksen odotetaan olevan paavin keskeisi\u00e4 teemoja.&#8221;<\/p>\n<p>&nbsp;<\/p>\n<p><a href=\"http:\/\/yle.fi\/uutiset\/paavi_vaati_toimia_ilmastonmuutosta_vastaan_elamme_kriittista_aikaa_historiassa\/8327866\" target=\"_blank\">http:\/\/yle.fi\/uutiset\/paavi_vaati_toimia_ilmastonmuutosta_vastaan_elamme_kriittista_aikaa_historiassa\/8327866<\/a><\/p>\n","protected":false},"excerpt":{"rendered":"<p>&#8221;Paavi Franciscus vieraili presidentti Obaman vieraana Valkoisessa talossa. Katolisen kirkon johtaja paavi Franciscus ilmaisi keskiviikkona huolensa ilmastonmuutoksesta vieraillessaan presidentti Barack Obaman luona Valkoisessa talossa. Vierailun aikana pit\u00e4m\u00e4ss\u00e4\u00e4n puheessa paavi sanoi, ett\u00e4 ilmastonmuutos on ongelma, jota ei voi en\u00e4\u00e4 j\u00e4tt\u00e4\u00e4 tulevalle sukupolvelle. \u2013 Kun kyse on yhteisest\u00e4 kodistamme huolehtimisesta, el\u00e4mme kriittist\u00e4 aikaa historiassa, Franciscus sanoi. Paavi [&hellip;]<\/p>\n","protected":false},"author":1,"featured_media":0,"comment_status":"closed","ping_status":"closed","sticky":false,"template":"","format":"standard","meta":{"footnotes":""},"categories":[1],"tags":[],"class_list":["post-3716","post","type-post","status-publish","format-standard","hentry","category-yleinen"],"_links":{"self":[{"href":"https:\/\/lopunajat.fi\/blogi\/wp-json\/wp\/v2\/posts\/3716","targetHints":{"allow":["GET"]}}],"collection":[{"href":"https:\/\/lopunajat.fi\/blogi\/wp-json\/wp\/v2\/posts"}],"about":[{"href":"https:\/\/lopunajat.fi\/blogi\/wp-json\/wp\/v2\/types\/post"}],"author":[{"embeddable":true,"href":"https:\/\/lopunajat.fi\/blogi\/wp-json\/wp\/v2\/users\/1"}],"replies":[{"embeddable":true,"href":"https:\/\/lopunajat.fi\/blogi\/wp-json\/wp\/v2\/comments?post=3716"}],"version-history":[{"count":2,"href":"https:\/\/lopunajat.fi\/blogi\/wp-json\/wp\/v2\/posts\/3716\/revisions"}],"predecessor-version":[{"id":3718,"href":"https:\/\/lopunajat.fi\/blogi\/wp-json\/wp\/v2\/posts\/3716\/revisions\/3718"}],"wp:attachment":[{"href":"https:\/\/lopunajat.fi\/blogi\/wp-json\/wp\/v2\/media?parent=3716"}],"wp:term":[{"taxonomy":"category","embeddable":true,"href":"https:\/\/lopunajat.fi\/blogi\/wp-json\/wp\/v2\/categories?post=3716"},{"taxonomy":"post_tag","embeddable":true,"href":"https:\/\/lopunajat.fi\/blogi\/wp-json\/wp\/v2\/tags?post=3716"}],"curies":[{"name":"wp","href":"https:\/\/api.w.org\/{rel}","templated":true}]}}