{"id":3714,"date":"2015-09-24T13:51:48","date_gmt":"2015-09-24T10:51:48","guid":{"rendered":"http:\/\/www.lopunajat.fi\/blogi\/?p=3714"},"modified":"2015-09-24T13:51:48","modified_gmt":"2015-09-24T10:51:48","slug":"24-9-2015-putin-ja-obama-tapaavat-new-yorkissa","status":"publish","type":"post","link":"https:\/\/lopunajat.fi\/blogi\/24-9-2015-putin-ja-obama-tapaavat-new-yorkissa\/","title":{"rendered":"24.9.2015: Putin ja Obama tapaavat New Yorkissa"},"content":{"rendered":"<p>&#8221;Ven\u00e4l\u00e4isen uutistoimiston Tassin mukaan Vladimir Putin ja Barack Obama tapaavat New Yorkissa ensi viikolla.<\/p>\n<p>Tapaaminen j\u00e4rjestet\u00e4\u00e4n YK:n yleiskokouksen yhteydess\u00e4. Washington ei ole toistaiseksi vahvistanut tapaamista.<\/p>\n<p>&#8211;\u00a0Presidentti Obaman aikataulua ei ole viel\u00e4 ly\u00f6ty lukkoon, joten emme voi viel\u00e4 ilmoittaa mit\u00e4\u00e4n h\u00e4nen ohjelmastaan, Valkoisen talon edustaja sanoi Tassin mukaan.<\/p>\n<p>Kreml kertoi jo aiemmin kes\u00e4ll\u00e4 Putinin olevan my\u00f6ntyv\u00e4inen tapaamiseen.<\/p>\n<p>Putinin aikatauluista tiedet\u00e4\u00e4n sen verran, ett\u00e4 h\u00e4n pit\u00e4\u00e4 yleiskokouksessa puheen ensi maanantaina, p\u00e4iv\u00e4\u00e4 ennen Ukrainan presidentti Petro Poroshenkon puheenvuoroa. Lis\u00e4ksi Putin tapaa YK:n p\u00e4\u00e4sihteeri Ban Ki-moonin.<\/p>\n<p>Putin ei ole k\u00e4ynyt kertaakaan Yhdysvalloissa sen j\u00e4lkeen kun h\u00e4net valittiin uudelleen presidentiksi vuonna 2012. YK:n yleiskokoukseen h\u00e4n osallistui edellisen kerran vuonna 2005.<\/p>\n<p>Putin ja Obama tapasivat edellisen kerran vuosi sitten marraskuussa Pekingiss\u00e4. Tapaaminen oli tuolloin hyvin pikainen.&#8221;<\/p>\n<p><a href=\"http:\/\/www.iltalehti.fi\/ulkomaat\/2015092420408337_ul.shtml\" target=\"_blank\">http:\/\/www.iltalehti.fi\/ulkomaat\/2015092420408337_ul.shtml<\/a><\/p>\n<p>&nbsp;<\/p>\n","protected":false},"excerpt":{"rendered":"<p>&#8221;Ven\u00e4l\u00e4isen uutistoimiston Tassin mukaan Vladimir Putin ja Barack Obama tapaavat New Yorkissa ensi viikolla. Tapaaminen j\u00e4rjestet\u00e4\u00e4n YK:n yleiskokouksen yhteydess\u00e4. Washington ei ole toistaiseksi vahvistanut tapaamista. &#8211;\u00a0Presidentti Obaman aikataulua ei ole viel\u00e4 ly\u00f6ty lukkoon, joten emme voi viel\u00e4 ilmoittaa mit\u00e4\u00e4n h\u00e4nen ohjelmastaan, Valkoisen talon edustaja sanoi Tassin mukaan. Kreml kertoi jo aiemmin kes\u00e4ll\u00e4 Putinin olevan my\u00f6ntyv\u00e4inen [&hellip;]<\/p>\n","protected":false},"author":1,"featured_media":0,"comment_status":"closed","ping_status":"closed","sticky":false,"template":"","format":"standard","meta":{"footnotes":""},"categories":[1],"tags":[],"class_list":["post-3714","post","type-post","status-publish","format-standard","hentry","category-yleinen"],"_links":{"self":[{"href":"https:\/\/lopunajat.fi\/blogi\/wp-json\/wp\/v2\/posts\/3714","targetHints":{"allow":["GET"]}}],"collection":[{"href":"https:\/\/lopunajat.fi\/blogi\/wp-json\/wp\/v2\/posts"}],"about":[{"href":"https:\/\/lopunajat.fi\/blogi\/wp-json\/wp\/v2\/types\/post"}],"author":[{"embeddable":true,"href":"https:\/\/lopunajat.fi\/blogi\/wp-json\/wp\/v2\/users\/1"}],"replies":[{"embeddable":true,"href":"https:\/\/lopunajat.fi\/blogi\/wp-json\/wp\/v2\/comments?post=3714"}],"version-history":[{"count":1,"href":"https:\/\/lopunajat.fi\/blogi\/wp-json\/wp\/v2\/posts\/3714\/revisions"}],"predecessor-version":[{"id":3715,"href":"https:\/\/lopunajat.fi\/blogi\/wp-json\/wp\/v2\/posts\/3714\/revisions\/3715"}],"wp:attachment":[{"href":"https:\/\/lopunajat.fi\/blogi\/wp-json\/wp\/v2\/media?parent=3714"}],"wp:term":[{"taxonomy":"category","embeddable":true,"href":"https:\/\/lopunajat.fi\/blogi\/wp-json\/wp\/v2\/categories?post=3714"},{"taxonomy":"post_tag","embeddable":true,"href":"https:\/\/lopunajat.fi\/blogi\/wp-json\/wp\/v2\/tags?post=3714"}],"curies":[{"name":"wp","href":"https:\/\/api.w.org\/{rel}","templated":true}]}}