{"id":3705,"date":"2015-09-23T12:32:43","date_gmt":"2015-09-23T09:32:43","guid":{"rendered":"http:\/\/www.lopunajat.fi\/blogi\/?p=3705"},"modified":"2015-09-23T12:32:43","modified_gmt":"2015-09-23T09:32:43","slug":"23-9-2015-paavi-tv-kanavalla-199-paavin-historiallisella-usan-vierailulla-jopa-oma-kanava","status":"publish","type":"post","link":"https:\/\/lopunajat.fi\/blogi\/23-9-2015-paavi-tv-kanavalla-199-paavin-historiallisella-usan-vierailulla-jopa-oma-kanava\/","title":{"rendered":"23.9.2015: Paavi-TV kanavalla 199 \u2013 Paavin historiallisella USA:n vierailulla jopa oma kanava"},"content":{"rendered":"<p>&#8221;Yhdysvaltain satojen televisiokanavien suurin t\u00e4hti on t\u00e4ll\u00e4 viikolla paavi. Paavi Franciksen historiallisella USA:n vierailu ei j\u00e4\u00e4 uutiskanaviltakaan raportoimatta, mutta pelk\u00e4t uutisjutut eiv\u00e4t kaikille paavin faneille riit\u00e4.<\/p>\n<p>Sen vuoksi kaapelikanavayhti\u00f6 Time Warner Cable on avannut paavin vierailulle oman televisiokanavan, josta l\u00e4hetet\u00e4\u00e4n paavin vierailusta ohjelmaa vuorokauden ymp\u00e4ri.<\/p>\n<p>Paavi Franciksen ensimm\u00e4inen Yhdysvaltain vierailu alkoi tiistaina my\u00f6h\u00e4\u00e4n Suomen aikaan Washington DC:st\u00e4, miss\u00e4 h\u00e4nt\u00e4 oli vastassa presidentti Barack Obama, varapresidentti Joe Biden ja punainen matto. Lentokent\u00e4lle ker\u00e4\u00e4ntyneelt\u00e4 yleis\u00f6lt\u00e4 tuli hurjat aplodit, kun tuttuun valkoiseen paavin asuun pukeutunut paavi Francis astui ulos koneesta.<\/p>\n<p>Paavin n\u00e4kemiseen ei kuitenkaan tarvitse osua vierailukaupunkeihin Washingtoniin, New Yorkiin tai Philadelphiaan, sill\u00e4 h\u00e4nt\u00e4 varten on perustettu oma tv-kanava. Paavi-TV on Time Warner Cablen idea, ja kanava on luvannut n\u00e4ytt\u00e4\u00e4 suorana jokaisen paavin julkisen esiintymisen Yhdysvaltain kuuden p\u00e4iv\u00e4n vierailun aikana. Kanava n\u00e4kyy New Yorkin lis\u00e4ksi muutamalla kymmenell\u00e4 paikkakunnalla eli sen arvioidaan olevan ainakin 15 miljoonan katsojan tavoitettavissa.<\/p>\n<p>Yhdysvaltain laajasta televisiotarjonnasta paavin oma kanava on numero 199. Kaapeliyhti\u00f6n asiakkaat voivat n\u00e4hd\u00e4 vierailun osiot my\u00f6s netist\u00e4 ja erillisen lis\u00e4osan kautta puhelimesta. Paavi-kanava on luvannut, ett\u00e4 esimerkiksi y\u00f6aikoina, kun paavi ei vaihda vierailukohdetta, pid\u00e4 puheita tai messuja, kanavalla n\u00e4hd\u00e4\u00e4n erikoisohjelmaa paaviin liittyen kuten h\u00e4nen aiempia esiintymisi\u00e4\u00e4n tai dokumentteja.<\/p>\n<p>Paavi Francis saapui Yhdysvaltoihin suoraan Kuuban vierailulta, miss\u00e4 h\u00e4n tapasi Kuuban nykyisen ja edellisen presidentin, Raul ja Fidel Castron. Paavin ja Obaman odotetaankin puhuvan USA:n ja Kuuban suhteista, USA:n suurista tuloeroista, ilmastonmuutoksesta ja maahanmuutosta.<\/p>\n<p>Perjantaina paavi pit\u00e4\u00e4 avauspuheenvuoron YK:n kehitysyhteisty\u00f6n kokouksessa New Yorkissa. Paavin ja tulevan YK:n yleiskokouksen korkean tason viikon vuoksi New Yorkissa on tulevat p\u00e4iv\u00e4t historialliset turvatoimet. Maan katolilaisia ja muuta innokasta paavin yleis\u00f6\u00e4 on jo varoitettu liikennekaaoksista eiv\u00e4tk\u00e4 esimerkiksi selfiekepit ole paavin l\u00e4helle pyrkiv\u00e4lt\u00e4 yleis\u00f6lt\u00e4 sallittu. &#8221;<\/p>\n<p><a href=\"http:\/\/www.mtv.fi\/uutiset\/ulkomaat\/artikkeli\/paavi-tv-kanavalla-199-paavin-historiallisella-usa-n-vierailulla-jopa-oma-kanava\/5324968\" target=\"_blank\">http:\/\/www.mtv.fi\/uutiset\/ulkomaat\/artikkeli\/paavi-tv-kanavalla-199-paavin-historiallisella-usa-n-vierailulla-jopa-oma-kanava\/5324968<\/a><\/p>\n","protected":false},"excerpt":{"rendered":"<p>&#8221;Yhdysvaltain satojen televisiokanavien suurin t\u00e4hti on t\u00e4ll\u00e4 viikolla paavi. Paavi Franciksen historiallisella USA:n vierailu ei j\u00e4\u00e4 uutiskanaviltakaan raportoimatta, mutta pelk\u00e4t uutisjutut eiv\u00e4t kaikille paavin faneille riit\u00e4. Sen vuoksi kaapelikanavayhti\u00f6 Time Warner Cable on avannut paavin vierailulle oman televisiokanavan, josta l\u00e4hetet\u00e4\u00e4n paavin vierailusta ohjelmaa vuorokauden ymp\u00e4ri. Paavi Franciksen ensimm\u00e4inen Yhdysvaltain vierailu alkoi tiistaina my\u00f6h\u00e4\u00e4n Suomen aikaan [&hellip;]<\/p>\n","protected":false},"author":1,"featured_media":0,"comment_status":"closed","ping_status":"closed","sticky":false,"template":"","format":"standard","meta":{"footnotes":""},"categories":[1],"tags":[],"class_list":["post-3705","post","type-post","status-publish","format-standard","hentry","category-yleinen"],"_links":{"self":[{"href":"https:\/\/lopunajat.fi\/blogi\/wp-json\/wp\/v2\/posts\/3705","targetHints":{"allow":["GET"]}}],"collection":[{"href":"https:\/\/lopunajat.fi\/blogi\/wp-json\/wp\/v2\/posts"}],"about":[{"href":"https:\/\/lopunajat.fi\/blogi\/wp-json\/wp\/v2\/types\/post"}],"author":[{"embeddable":true,"href":"https:\/\/lopunajat.fi\/blogi\/wp-json\/wp\/v2\/users\/1"}],"replies":[{"embeddable":true,"href":"https:\/\/lopunajat.fi\/blogi\/wp-json\/wp\/v2\/comments?post=3705"}],"version-history":[{"count":1,"href":"https:\/\/lopunajat.fi\/blogi\/wp-json\/wp\/v2\/posts\/3705\/revisions"}],"predecessor-version":[{"id":3706,"href":"https:\/\/lopunajat.fi\/blogi\/wp-json\/wp\/v2\/posts\/3705\/revisions\/3706"}],"wp:attachment":[{"href":"https:\/\/lopunajat.fi\/blogi\/wp-json\/wp\/v2\/media?parent=3705"}],"wp:term":[{"taxonomy":"category","embeddable":true,"href":"https:\/\/lopunajat.fi\/blogi\/wp-json\/wp\/v2\/categories?post=3705"},{"taxonomy":"post_tag","embeddable":true,"href":"https:\/\/lopunajat.fi\/blogi\/wp-json\/wp\/v2\/tags?post=3705"}],"curies":[{"name":"wp","href":"https:\/\/api.w.org\/{rel}","templated":true}]}}