{"id":3697,"date":"2015-09-22T14:35:19","date_gmt":"2015-09-22T11:35:19","guid":{"rendered":"http:\/\/www.lopunajat.fi\/blogi\/?p=3697"},"modified":"2015-09-22T14:36:28","modified_gmt":"2015-09-22T11:36:28","slug":"22-9-2015-suomessa-hehkuu-taas-verenpunainen-kuu-edellisesta-kerrasta-lahes-nelja-vuotta","status":"publish","type":"post","link":"https:\/\/lopunajat.fi\/blogi\/22-9-2015-suomessa-hehkuu-taas-verenpunainen-kuu-edellisesta-kerrasta-lahes-nelja-vuotta\/","title":{"rendered":"22.9.2015: Suomessa hehkuu taas verenpunainen Kuu \u2013 edellisest\u00e4 kerrasta l\u00e4hes nelj\u00e4 vuotta"},"content":{"rendered":"<p>&#8221;Maanantain vastaisena y\u00f6n\u00e4 ensi viikolla saadaan ihailla taivaalla loistavaa verenpunaista Kuuta \u2013 mik\u00e4li s\u00e4\u00e4 sallii. T\u00e4ydellist\u00e4 kuunpimennyst\u00e4 kannattaa ihailla, sill\u00e4 seuraava mahdollisuus siihen on Suomessa vasta tammikuussa vuonna 2018.<\/p>\n<p>Edellisen kerran kuunpimennys n\u00e4htiin Suomessa joulukuussa 2011, kertoo t\u00e4htitieteellinen yhdistys Ursa tiedotteessaan.<\/p>\n<p>Toisin kuin auringonpimennyst\u00e4, kuunpimennyst\u00e4 voi huoletta ihailla my\u00f6s ilman suojalaseja.<\/p>\n<p>Jos kuunpimennyst\u00e4 mielii ihailla, joutuu kuitenkin her\u00e4\u00e4m\u00e4\u00e4n aikaisin. T\u00e4ydellinen pimennys alkaa nimitt\u00e4in kello 5.11 ja p\u00e4\u00e4ttyy kello 6.24.<\/p>\n<p>Kuunpimennykset tapahtuvat aina t\u00e4ydenkuun aikaan, kun Kuu on radallaan vastakkaisella puolella maapalloa kuin Aurinko. Kuu pimenee, kun Maan varjo osuu siihen. Jokaisen t\u00e4ysikuun aikana ei kuitenkaan tapahdu kuunpimennyst\u00e4, sill\u00e4 Kuun rata on hiukan kallellaan Maan ratatasoon n\u00e4hden.<\/p>\n<p>Vaikka kyseess\u00e4 on t\u00e4ydellinen kuunpimennys, Kuu ei silti pimene t\u00e4ysin ja katoa n\u00e4kyvist\u00e4. T\u00e4m\u00e4 johtuu Maan ilmakeh\u00e4st\u00e4, joka taivuttaa takaansa tulevaa auringonvaloa Kuun pinnalle. Ilmakeh\u00e4n l\u00e4pi kuljettuaan valosta on j\u00e4ljell\u00e4 en\u00e4\u00e4 punertavat v\u00e4ris\u00e4vyt ja ne v\u00e4rj\u00e4\u00e4v\u00e4t Kuun pinnan ruosteenpunaiseksi. Mik\u00e4li maapallolla ei olisi ilmakeh\u00e4\u00e4, Kuu todella katoaisi n\u00e4kyvist\u00e4, Ursasta kerrotaan.<\/p>\n<p><strong>Kuunpimennyksen vaiheet<\/strong><br \/>\nKuunpimennys alkaa, kun Kuun reuna lipuu Maan heitt\u00e4m\u00e4\u00e4n puolivarjoon. T\u00e4ll\u00f6in Auringon kiekosta osa valaisee yh\u00e4 Kuuta ja pimennyst\u00e4 on viel\u00e4 hyvin vaikea huomata.<\/p>\n<p>Tapahtuman n\u00e4ytt\u00e4vimm\u00e4t vaiheet k\u00e4ynnistyv\u00e4t osittaisen pimennyksen\u00a0alkaessa. T\u00e4ll\u00f6in Kuu alkaa siirty\u00e4 Maan t\u00e4ysvarjon\u00a0alueelle ja sen edell\u00e4 kulkeva reuna alkaa tummua selke\u00e4sti.<\/p>\n<p>T\u00e4ydellinen pimennys alkaa klo 5.11 Kuun kuljettua kokonaan Maan t\u00e4ysvarjoon. T\u00e4ll\u00f6in taivas on viel\u00e4 tumma ja t\u00e4hdet ovat n\u00e4kyviss\u00e4. T\u00e4ydellisen pimennyksen syvin hetki koetaan kello 5.47, jolloin nousevan Auringon valo vaalentaa jo taivasta. Kuu n\u00e4ytt\u00e4\u00e4 t\u00e4ll\u00f6in tumman punertavalta. T\u00e4ydellinen pimennys p\u00e4\u00e4ttyy klo 6.24.<\/p>\n<p>Kuu laskee horisontin taa noin kello puoli kahdeksalta aamulla, joten pimennyksen viimeiset vaiheet j\u00e4\u00e4v\u00e4t koko maassa n\u00e4kem\u00e4tt\u00e4.<\/p>\n<p><strong>Pimennyksen kulku<\/strong><br \/>\nPuolivarjopimennys alkaa klo 3.10<\/p>\n<p>Osittainen vaihe alkaa klo 4.07<\/p>\n<p>T\u00e4ydellinen vaihe alkaa klo 5.11<\/p>\n<p>Pimennys syvimmill\u00e4\u00e4n klo 5.47<\/p>\n<p>T\u00e4ydellinen vaihe p\u00e4\u00e4ttyy klo 6.24<\/p>\n<p>Kuu laskee Helsingiss\u00e4 klo 7.26<\/p>\n<p>Osittainen vaihe p\u00e4\u00e4ttyy klo 7.28<\/p>\n<p>Kuu laskee Oulussa klo 7.29<\/p>\n<p>Kuu laskee Utsjoella klo 7.34<\/p>\n<p>Puolivarjopimennys p\u00e4\u00e4ttyy klo 8.24&#8243;<\/p>\n<p><a href=\"http:\/\/www.mtv.fi\/uutiset\/kotimaa\/artikkeli\/suomessa-hehkuu-taas-verenpunainen-kuu-edellisesta-kerrasta-lahes-nelja-vuotta\/5323172\" target=\"_blank\">http:\/\/www.mtv.fi\/uutiset\/kotimaa\/artikkeli\/suomessa-hehkuu-taas-verenpunainen-kuu-edellisesta-kerrasta-lahes-nelja-vuotta\/5323172<\/a><\/p>\n<p>&nbsp;<\/p>\n","protected":false},"excerpt":{"rendered":"<p>&#8221;Maanantain vastaisena y\u00f6n\u00e4 ensi viikolla saadaan ihailla taivaalla loistavaa verenpunaista Kuuta \u2013 mik\u00e4li s\u00e4\u00e4 sallii. T\u00e4ydellist\u00e4 kuunpimennyst\u00e4 kannattaa ihailla, sill\u00e4 seuraava mahdollisuus siihen on Suomessa vasta tammikuussa vuonna 2018. Edellisen kerran kuunpimennys n\u00e4htiin Suomessa joulukuussa 2011, kertoo t\u00e4htitieteellinen yhdistys Ursa tiedotteessaan. Toisin kuin auringonpimennyst\u00e4, kuunpimennyst\u00e4 voi huoletta ihailla my\u00f6s ilman suojalaseja. Jos kuunpimennyst\u00e4 mielii ihailla, [&hellip;]<\/p>\n","protected":false},"author":1,"featured_media":0,"comment_status":"closed","ping_status":"closed","sticky":false,"template":"","format":"standard","meta":{"footnotes":""},"categories":[1],"tags":[],"class_list":["post-3697","post","type-post","status-publish","format-standard","hentry","category-yleinen"],"_links":{"self":[{"href":"https:\/\/lopunajat.fi\/blogi\/wp-json\/wp\/v2\/posts\/3697","targetHints":{"allow":["GET"]}}],"collection":[{"href":"https:\/\/lopunajat.fi\/blogi\/wp-json\/wp\/v2\/posts"}],"about":[{"href":"https:\/\/lopunajat.fi\/blogi\/wp-json\/wp\/v2\/types\/post"}],"author":[{"embeddable":true,"href":"https:\/\/lopunajat.fi\/blogi\/wp-json\/wp\/v2\/users\/1"}],"replies":[{"embeddable":true,"href":"https:\/\/lopunajat.fi\/blogi\/wp-json\/wp\/v2\/comments?post=3697"}],"version-history":[{"count":1,"href":"https:\/\/lopunajat.fi\/blogi\/wp-json\/wp\/v2\/posts\/3697\/revisions"}],"predecessor-version":[{"id":3698,"href":"https:\/\/lopunajat.fi\/blogi\/wp-json\/wp\/v2\/posts\/3697\/revisions\/3698"}],"wp:attachment":[{"href":"https:\/\/lopunajat.fi\/blogi\/wp-json\/wp\/v2\/media?parent=3697"}],"wp:term":[{"taxonomy":"category","embeddable":true,"href":"https:\/\/lopunajat.fi\/blogi\/wp-json\/wp\/v2\/categories?post=3697"},{"taxonomy":"post_tag","embeddable":true,"href":"https:\/\/lopunajat.fi\/blogi\/wp-json\/wp\/v2\/tags?post=3697"}],"curies":[{"name":"wp","href":"https:\/\/api.w.org\/{rel}","templated":true}]}}