{"id":3693,"date":"2015-09-22T13:47:01","date_gmt":"2015-09-22T10:47:01","guid":{"rendered":"http:\/\/www.lopunajat.fi\/blogi\/?p=3693"},"modified":"2015-09-22T13:47:01","modified_gmt":"2015-09-22T10:47:01","slug":"22-9-2015-paavi-jatkaa-kuubasta-yhdysvaltoihin","status":"publish","type":"post","link":"https:\/\/lopunajat.fi\/blogi\/22-9-2015-paavi-jatkaa-kuubasta-yhdysvaltoihin\/","title":{"rendered":"22.9.2015: Paavi jatkaa Kuubasta Yhdysvaltoihin"},"content":{"rendered":"<p>&#8221;Paavi Franciscus matkustaa t\u00e4n\u00e4\u00e4n Kuubasta ensimm\u00e4iselle vierailulleen Yhdysvaltoihin.<\/p>\n<p>Pidetty\u00e4\u00e4n messun Kuuban toiseksi suurimassa kaupungissa Santiagossa paavi Franciscus lent\u00e4\u00e4 Andrewsin sotilastukikohtaan Washingtonin l\u00e4helle. Siell\u00e4 h\u00e4nt\u00e4 ovat vastassa presidentti Barack Obama ja h\u00e4nen vaimonsa Michelle Obama.<\/p>\n<p>Paavin on m\u00e4\u00e4r\u00e4 muun muassa puhua Yhdysvaltain kongressissa ja YK:n yleiskokouksessa.<\/p>\n<p>Paavi pit\u00e4\u00e4 matkansa viimeisen messun Yhdysvalloissa Philadelphiassa sunnuntaina.&#8221;<\/p>\n<p><a href=\"http:\/\/www.iltasanomat.fi\/ulkomaat\/art-1442884222637.html\" target=\"_blank\">http:\/\/www.iltasanomat.fi\/ulkomaat\/art-1442884222637.html<\/a><\/p>\n<p>&nbsp;<\/p>\n","protected":false},"excerpt":{"rendered":"<p>&#8221;Paavi Franciscus matkustaa t\u00e4n\u00e4\u00e4n Kuubasta ensimm\u00e4iselle vierailulleen Yhdysvaltoihin. Pidetty\u00e4\u00e4n messun Kuuban toiseksi suurimassa kaupungissa Santiagossa paavi Franciscus lent\u00e4\u00e4 Andrewsin sotilastukikohtaan Washingtonin l\u00e4helle. Siell\u00e4 h\u00e4nt\u00e4 ovat vastassa presidentti Barack Obama ja h\u00e4nen vaimonsa Michelle Obama. Paavin on m\u00e4\u00e4r\u00e4 muun muassa puhua Yhdysvaltain kongressissa ja YK:n yleiskokouksessa. Paavi pit\u00e4\u00e4 matkansa viimeisen messun Yhdysvalloissa Philadelphiassa sunnuntaina.&#8221; <a href=\"http:\/\/www.iltasanomat.fi\/ulkomaat\/art-1442884222637.html\" class=\"autohyperlink\" target=\"_blank\">http:\/\/www.iltasanomat.fi\/ulkomaat\/art-1442884222637.html<\/a> &nbsp;<\/p>\n","protected":false},"author":1,"featured_media":0,"comment_status":"closed","ping_status":"closed","sticky":false,"template":"","format":"standard","meta":{"footnotes":""},"categories":[1],"tags":[],"class_list":["post-3693","post","type-post","status-publish","format-standard","hentry","category-yleinen"],"_links":{"self":[{"href":"https:\/\/lopunajat.fi\/blogi\/wp-json\/wp\/v2\/posts\/3693","targetHints":{"allow":["GET"]}}],"collection":[{"href":"https:\/\/lopunajat.fi\/blogi\/wp-json\/wp\/v2\/posts"}],"about":[{"href":"https:\/\/lopunajat.fi\/blogi\/wp-json\/wp\/v2\/types\/post"}],"author":[{"embeddable":true,"href":"https:\/\/lopunajat.fi\/blogi\/wp-json\/wp\/v2\/users\/1"}],"replies":[{"embeddable":true,"href":"https:\/\/lopunajat.fi\/blogi\/wp-json\/wp\/v2\/comments?post=3693"}],"version-history":[{"count":1,"href":"https:\/\/lopunajat.fi\/blogi\/wp-json\/wp\/v2\/posts\/3693\/revisions"}],"predecessor-version":[{"id":3694,"href":"https:\/\/lopunajat.fi\/blogi\/wp-json\/wp\/v2\/posts\/3693\/revisions\/3694"}],"wp:attachment":[{"href":"https:\/\/lopunajat.fi\/blogi\/wp-json\/wp\/v2\/media?parent=3693"}],"wp:term":[{"taxonomy":"category","embeddable":true,"href":"https:\/\/lopunajat.fi\/blogi\/wp-json\/wp\/v2\/categories?post=3693"},{"taxonomy":"post_tag","embeddable":true,"href":"https:\/\/lopunajat.fi\/blogi\/wp-json\/wp\/v2\/tags?post=3693"}],"curies":[{"name":"wp","href":"https:\/\/api.w.org\/{rel}","templated":true}]}}