{"id":3691,"date":"2015-09-22T13:45:02","date_gmt":"2015-09-22T10:45:02","guid":{"rendered":"http:\/\/www.lopunajat.fi\/blogi\/?p=3691"},"modified":"2015-09-22T13:45:02","modified_gmt":"2015-09-22T10:45:02","slug":"21-9-2015-euroopan-presidentit-koolla-historiallisessa-ymparistossa","status":"publish","type":"post","link":"https:\/\/lopunajat.fi\/blogi\/21-9-2015-euroopan-presidentit-koolla-historiallisessa-ymparistossa\/","title":{"rendered":"21.9.2015: Euroopan presidentit koolla historiallisessa ymp\u00e4rist\u00f6ss\u00e4"},"content":{"rendered":"<p>&#8221;Presidentti Sauli Niinist\u00f6 on keskustellut 10 muun Euroopan valtionp\u00e4\u00e4miehen kanssa ajankohtaisista asioista Saksan Wartburgissa. Wartburgin linna tarjoaa arvokkaat puitteet eurooppalaisten arvojen pohtimiselle.<\/p>\n<p>Tasavallan presidentti Sauli Niinist\u00f6 osallistuu maanantaina ja tiistaina eurooppalaisten presidenttien ep\u00e4viralliseen tapaamiseen Saksan Eisenachissa ja Erfurtissa.<\/p>\n<p>Saksan liittopresidentin Joachim Gauckin is\u00e4nn\u00f6im\u00e4n istunnon aiheina ovat muun muassa Euroopan yhten\u00e4isyyden vahvistaminen ja koulutus. Tilaisuuden yhteydess\u00e4 kuullaan my\u00f6s uskonpuhdistuksen vaikutuksesta nykyeurooppalaiseen el\u00e4m\u00e4nmenoon.<\/p>\n<p>Saksan ja Suomen presidenttien lis\u00e4ksi tapaamiseen osallistuvat Viron, Bulgarian, Italian, Maltan, Puolan, It\u00e4vallan, Latvian ja Portugalin valtionp\u00e4\u00e4miehet.<\/p>\n<p>Presidenttien tapaamisia on j\u00e4rjestetty s\u00e4\u00e4nn\u00f6llisesti vuodesta 2003 l\u00e4htien. Ensimm\u00e4isen kokouksen paikkana oli Portugalissa sijaitseva Arraiolosin kaupunki, josta juontuu my\u00f6s tapaamisen nimi.<\/p>\n<p>Suomi on toiminut kahdesti presidenttien is\u00e4nt\u00e4maana. Presidentti Tarja Halonen on osallistunut tapaamisiin kahdeksan kertaa. Tasavallan presidentti Sauli Niinist\u00f6 on mukana toista kertaa.<\/p>\n<p><strong>Natsit joutuivat poistamaan tornista hakaristin<\/strong><br \/>\nKokouspaikkana oleva Wartburgin linna sijaitsee Eisenachissa 400 metrin korkuisella vehre\u00e4ll\u00e4 kukkulalla. Linnan rakentaminen aloitettiin vuonna 1155. Suurremontti rapistuneessa linnassa tehtiin 1800-luvun puoliv\u00e4liss\u00e4. Omistajana on ollut 1922 l\u00e4htien s\u00e4\u00e4ti\u00f6.<\/p>\n<p>Natseille linna oli t\u00e4rke\u00e4 kansallinen symboli ja sopi hyvin heid\u00e4n propagandaansa. He yrittiv\u00e4t laittaa linnan torniin ristin sijalle hakaristin, mutta eisenachilaiset protestoivat, ja risti palautettiin tornin huippuun muutaman viikon kuluttua. Presidenttien kokouksen ajan tornissa liehuu kullatun ristin rinnalla EU-lippu.<\/p>\n<p>Euroopan presidenttien kokouslinnassa huokuu my\u00f6s uskonpuhdistaja Martti Lutherin henki. H\u00e4n piilotteli linnassa salanimell\u00e4 paavin pannaan julistamisen j\u00e4lkeen 1521\u20131522.<\/p>\n<p>Rauhallinen palava into, askeettinen ty\u00f6soppi ja kauniit maisemat innostivat Lutherin huippusuoritukseen: Uuden testamentin k\u00e4\u00e4nt\u00e4minen kreikan kielest\u00e4 saksan kielelle kesti vain kaksi ja puoli kuukautta.<\/p>\n<p>Linnan legendoihin kuuluu, ett\u00e4 otellessaan huoneen nurkassa ilkkuvan pirun kanssa Luther heitti sit\u00e4 mustepullolla. Pullosta j\u00e4\u00e4nytt\u00e4 mustel\u00e4ikk\u00e4\u00e4 huoneen sein\u00e4ss\u00e4 ei ole en\u00e4\u00e4 kuitenkaan n\u00e4kyviss\u00e4.<\/p>\n<p><strong>DDR piti linnasta hyv\u00e4\u00e4 huolta<\/strong><br \/>\nLinnan juuressa sijaitseva, 40 000 asukkaan Eisenach on kuuluisa autoteollisuudestaan. Ennen toista maailmansotaa kaupungissa tehtiin BMW-merkkisi\u00e4 autoja. DDR:n aikana tuotantolinjalla koottiin kaksitahtisia Wartburgeja. Saksojen yhdistytty\u00e4 kaupungissa aloitti Opelin tehdas.<\/p>\n<p>DDR suhtautui linnaan suurella huolella ja korjasi siihen sota-aikana tulleita vaurioita ja entis\u00f6i rakennuksen sis\u00e4osia. Amerikkalaiset joukot olivat vaurioittaneet linnaa tykkitulella. Sodan loputtua linnan miehittiv\u00e4t neuvostoarmeijan sotilaat. He ry\u00f6stiv\u00e4t osan linnan taideaarteista sotasaalikseen Neuvostoliittoon.<\/p>\n<p>Wartburg valittiin 1999 Unescon kulttuuriperint\u00f6kohteeksi. Linnan arvoa nostaa, ett\u00e4 se on parhaiten s\u00e4ilynyt my\u00f6h\u00e4isromanttinen linna Alppien pohjoispuolella.<\/p>\n<p><strong>Linnassa juhlittiin voittoa Napoleonista<\/strong><br \/>\nLinnassa on satojen vuosien aikana n\u00e4hty monia Saksan historian kannalta t\u00e4rkeit\u00e4 tapahtumia. Linnassa on juhlittu muun muassa Preussin, Ven\u00e4j\u00e4n, It\u00e4vallan ja Ruotsin voittoa Napoleonista.<\/p>\n<p>DDR juhli linnassa 1967 kansallista uskonpuhdistuksen 450-vuotisjuhlaa. Linnassa on juhlittu my\u00f6s ensimm\u00e4isen Saksan valtion syntymist\u00e4.<\/p>\n<p>Th\u00fcringenin mets\u00e4n luoteiskolkassa seisovasta linnasta on tullut todellinen matkailumagneetti. K\u00e4vij\u00f6it\u00e4 on vuodessa yli 350 000. K\u00e4vij\u00e4tilastoa alettiin pit\u00e4\u00e4 1894. Sen j\u00e4lkeen linnassa on k\u00e4ynyt yli 30 miljoonaa matkailijaa.&#8221;<\/p>\n<p><a href=\"http:\/\/yle.fi\/uutiset\/euroopan_presidentit_koolla_historiallisessa_ymparistossa\/8321740\" target=\"_blank\">http:\/\/yle.fi\/uutiset\/euroopan_presidentit_koolla_historiallisessa_ymparistossa\/8321740<\/a><\/p>\n<p>&nbsp;<\/p>\n","protected":false},"excerpt":{"rendered":"<p>&#8221;Presidentti Sauli Niinist\u00f6 on keskustellut 10 muun Euroopan valtionp\u00e4\u00e4miehen kanssa ajankohtaisista asioista Saksan Wartburgissa. Wartburgin linna tarjoaa arvokkaat puitteet eurooppalaisten arvojen pohtimiselle. Tasavallan presidentti Sauli Niinist\u00f6 osallistuu maanantaina ja tiistaina eurooppalaisten presidenttien ep\u00e4viralliseen tapaamiseen Saksan Eisenachissa ja Erfurtissa. Saksan liittopresidentin Joachim Gauckin is\u00e4nn\u00f6im\u00e4n istunnon aiheina ovat muun muassa Euroopan yhten\u00e4isyyden vahvistaminen ja koulutus. Tilaisuuden yhteydess\u00e4 [&hellip;]<\/p>\n","protected":false},"author":1,"featured_media":0,"comment_status":"closed","ping_status":"closed","sticky":false,"template":"","format":"standard","meta":{"footnotes":""},"categories":[1],"tags":[],"class_list":["post-3691","post","type-post","status-publish","format-standard","hentry","category-yleinen"],"_links":{"self":[{"href":"https:\/\/lopunajat.fi\/blogi\/wp-json\/wp\/v2\/posts\/3691","targetHints":{"allow":["GET"]}}],"collection":[{"href":"https:\/\/lopunajat.fi\/blogi\/wp-json\/wp\/v2\/posts"}],"about":[{"href":"https:\/\/lopunajat.fi\/blogi\/wp-json\/wp\/v2\/types\/post"}],"author":[{"embeddable":true,"href":"https:\/\/lopunajat.fi\/blogi\/wp-json\/wp\/v2\/users\/1"}],"replies":[{"embeddable":true,"href":"https:\/\/lopunajat.fi\/blogi\/wp-json\/wp\/v2\/comments?post=3691"}],"version-history":[{"count":1,"href":"https:\/\/lopunajat.fi\/blogi\/wp-json\/wp\/v2\/posts\/3691\/revisions"}],"predecessor-version":[{"id":3692,"href":"https:\/\/lopunajat.fi\/blogi\/wp-json\/wp\/v2\/posts\/3691\/revisions\/3692"}],"wp:attachment":[{"href":"https:\/\/lopunajat.fi\/blogi\/wp-json\/wp\/v2\/media?parent=3691"}],"wp:term":[{"taxonomy":"category","embeddable":true,"href":"https:\/\/lopunajat.fi\/blogi\/wp-json\/wp\/v2\/categories?post=3691"},{"taxonomy":"post_tag","embeddable":true,"href":"https:\/\/lopunajat.fi\/blogi\/wp-json\/wp\/v2\/tags?post=3691"}],"curies":[{"name":"wp","href":"https:\/\/api.w.org\/{rel}","templated":true}]}}