{"id":3688,"date":"2015-09-20T19:21:53","date_gmt":"2015-09-20T16:21:53","guid":{"rendered":"http:\/\/www.lopunajat.fi\/blogi\/?p=3688"},"modified":"2015-09-20T19:21:53","modified_gmt":"2015-09-20T16:21:53","slug":"20-9-2015-paavi-kuubassa-lahentyminen-yhdysvaltoihin-antaa-maailmalle-toivoa","status":"publish","type":"post","link":"https:\/\/lopunajat.fi\/blogi\/20-9-2015-paavi-kuubassa-lahentyminen-yhdysvaltoihin-antaa-maailmalle-toivoa\/","title":{"rendered":"20.9.2015: Paavi Kuubassa: L\u00e4hentyminen Yhdysvaltoihin antaa maailmalle toivoa"},"content":{"rendered":"<p>&#8221;Paavi Franciscus on kehottanut Kuubaa ja Yhdysvaltoja jatkamaan suhteidensa parantelua.<\/p>\n<p>Paavin mukaan maiden suhteiden l\u00e4mpeneminen on prosessi, joka on antanut maailmalle toivoa.<\/p>\n<p>Paavi saapui Kuubaan my\u00f6h\u00e4\u00e4n eilen Suomen aikaa. Lentokent\u00e4ll\u00e4 h\u00e4nt\u00e4 oli vastaanottamassa Kuuban presidentti Raul Castro.<\/p>\n<p>\u2013 Kehotan poliittisia johtajia pysym\u00e4\u00e4n t\u00e4ll\u00e4 polulla ja kehitt\u00e4m\u00e4\u00e4n sen kaikkia mahdollisuuksia rauhan ja hyvinvoinnin ja koko Amerikan vuoksi sek\u00e4 n\u00e4ytt\u00e4\u00e4kseen esimerkki\u00e4 koko maailmalle, paavi sanoi puheessaan saavuttuaan Kuubaan.<\/p>\n<p>Paavi Franciscus toimi itse yhten\u00e4 v\u00e4litt\u00e4jist\u00e4 Kuuban ja Yhdysvaltojen suhteiden normalisoimiseen t\u00e4ht\u00e4\u00e4viss\u00e4 salaisissa neuvotteluissa viime vuonna.<\/p>\n<p>Kuuban lis\u00e4ksi paavi vierailee yhdeks\u00e4n p\u00e4iv\u00e4\u00e4 kest\u00e4v\u00e4n matkansa aikana Yhdysvalloissa. Siell\u00e4 h\u00e4n tapaa presidentti Barack Obaman sek\u00e4 osallistuu muun muassa YK:n yleiskokoukseen ja ottaa osaa World Trade Centerin terroriuhrien muistomessuun.&#8221;<\/p>\n<p><a href=\"http:\/\/www.mtv.fi\/uutiset\/ulkomaat\/artikkeli\/paavi-kuubassa-lahentyminen-yhdysvaltoihin-antaa-maailmalle-toivoa\/5319378\" target=\"_blank\">http:\/\/www.mtv.fi\/uutiset\/ulkomaat\/artikkeli\/paavi-kuubassa-lahentyminen-yhdysvaltoihin-antaa-maailmalle-toivoa\/5319378<\/a><\/p>\n<p>&nbsp;<\/p>\n","protected":false},"excerpt":{"rendered":"<p>&#8221;Paavi Franciscus on kehottanut Kuubaa ja Yhdysvaltoja jatkamaan suhteidensa parantelua. Paavin mukaan maiden suhteiden l\u00e4mpeneminen on prosessi, joka on antanut maailmalle toivoa. Paavi saapui Kuubaan my\u00f6h\u00e4\u00e4n eilen Suomen aikaa. Lentokent\u00e4ll\u00e4 h\u00e4nt\u00e4 oli vastaanottamassa Kuuban presidentti Raul Castro. \u2013 Kehotan poliittisia johtajia pysym\u00e4\u00e4n t\u00e4ll\u00e4 polulla ja kehitt\u00e4m\u00e4\u00e4n sen kaikkia mahdollisuuksia rauhan ja hyvinvoinnin ja koko Amerikan [&hellip;]<\/p>\n","protected":false},"author":1,"featured_media":0,"comment_status":"closed","ping_status":"closed","sticky":false,"template":"","format":"standard","meta":{"footnotes":""},"categories":[1],"tags":[],"class_list":["post-3688","post","type-post","status-publish","format-standard","hentry","category-yleinen"],"_links":{"self":[{"href":"https:\/\/lopunajat.fi\/blogi\/wp-json\/wp\/v2\/posts\/3688","targetHints":{"allow":["GET"]}}],"collection":[{"href":"https:\/\/lopunajat.fi\/blogi\/wp-json\/wp\/v2\/posts"}],"about":[{"href":"https:\/\/lopunajat.fi\/blogi\/wp-json\/wp\/v2\/types\/post"}],"author":[{"embeddable":true,"href":"https:\/\/lopunajat.fi\/blogi\/wp-json\/wp\/v2\/users\/1"}],"replies":[{"embeddable":true,"href":"https:\/\/lopunajat.fi\/blogi\/wp-json\/wp\/v2\/comments?post=3688"}],"version-history":[{"count":2,"href":"https:\/\/lopunajat.fi\/blogi\/wp-json\/wp\/v2\/posts\/3688\/revisions"}],"predecessor-version":[{"id":3690,"href":"https:\/\/lopunajat.fi\/blogi\/wp-json\/wp\/v2\/posts\/3688\/revisions\/3690"}],"wp:attachment":[{"href":"https:\/\/lopunajat.fi\/blogi\/wp-json\/wp\/v2\/media?parent=3688"}],"wp:term":[{"taxonomy":"category","embeddable":true,"href":"https:\/\/lopunajat.fi\/blogi\/wp-json\/wp\/v2\/categories?post=3688"},{"taxonomy":"post_tag","embeddable":true,"href":"https:\/\/lopunajat.fi\/blogi\/wp-json\/wp\/v2\/tags?post=3688"}],"curies":[{"name":"wp","href":"https:\/\/api.w.org\/{rel}","templated":true}]}}