{"id":3671,"date":"2015-09-15T23:55:52","date_gmt":"2015-09-15T20:55:52","guid":{"rendered":"http:\/\/www.lopunajat.fi\/blogi\/?p=3671"},"modified":"2015-09-17T21:46:01","modified_gmt":"2015-09-17T18:46:01","slug":"15-9-2015-paavin-vierailulla-new-yorkin-historian-ennatysturvatoimet-emme-ole-ennen-nahneet-mitaan-vastaavaa","status":"publish","type":"post","link":"https:\/\/lopunajat.fi\/blogi\/15-9-2015-paavin-vierailulla-new-yorkin-historian-ennatysturvatoimet-emme-ole-ennen-nahneet-mitaan-vastaavaa\/","title":{"rendered":"15.9.2015: Paavin vierailulla New Yorkin historian enn\u00e4tysturvatoimet: &#8221;Emme ole ennen n\u00e4hneet mit\u00e4\u00e4n vastaavaa\u201d"},"content":{"rendered":"<p>&#8221;Paavin vierailu Yhdysvaltain New Yorkiin aiheuttaa suurkaupungin historian laajimmat turvatoimet. N\u00e4in ennakoi New Yorkin poliisip\u00e4\u00e4llikk\u00f6 Bill Bratton. Samaan arvioon on p\u00e4\u00e4tynyt New Yorkin pormestari Bill de Blasio. H\u00e4nen mukaansa kaupungissa ei ole koskaan aiemmin n\u00e4hty mit\u00e4\u00e4n vastaavaa.<\/p>\n<p>Paavi Franciscus saapuu New Yorkiin 24. syyskuuta. Katolisen kirkon p\u00e4\u00e4mies muun muassa vierailee YK:n yleiskokouksessa ja ottaa osaa World Trade Centerin terroriuhrien muistomessuun.<\/p>\n<p>Yhdysvalloissa on her\u00e4tt\u00e4nyt n\u00e4r\u00e4\u00e4, ett\u00e4 paavi p\u00e4\u00e4tti k\u00e4yd\u00e4 Amerikan-matkallaan ensin Kuubassa ja vasta sitten Yhdysvalloissa. Niin ik\u00e4\u00e4n paavin poliittisiksi tulkitut kannanotot ovat viime aikoina saaneet kritiikki\u00e4 Yhdysvaltain oikeistolta.&#8221;<\/p>\n<p><a href=\"http:\/\/www.iltasanomat.fi\/ulkomaat\/art-1442275376636.html\" target=\"_blank\">http:\/\/www.iltasanomat.fi\/ulkomaat\/art-1442275376636.html<\/a><\/p>\n<p>&nbsp;<\/p>\n<p>&nbsp;<\/p>\n<p>&nbsp;<\/p>\n","protected":false},"excerpt":{"rendered":"<p>&#8221;Paavin vierailu Yhdysvaltain New Yorkiin aiheuttaa suurkaupungin historian laajimmat turvatoimet. N\u00e4in ennakoi New Yorkin poliisip\u00e4\u00e4llikk\u00f6 Bill Bratton. Samaan arvioon on p\u00e4\u00e4tynyt New Yorkin pormestari Bill de Blasio. H\u00e4nen mukaansa kaupungissa ei ole koskaan aiemmin n\u00e4hty mit\u00e4\u00e4n vastaavaa. Paavi Franciscus saapuu New Yorkiin 24. syyskuuta. Katolisen kirkon p\u00e4\u00e4mies muun muassa vierailee YK:n yleiskokouksessa ja ottaa osaa [&hellip;]<\/p>\n","protected":false},"author":1,"featured_media":0,"comment_status":"closed","ping_status":"closed","sticky":false,"template":"","format":"standard","meta":{"footnotes":""},"categories":[1],"tags":[],"class_list":["post-3671","post","type-post","status-publish","format-standard","hentry","category-yleinen"],"_links":{"self":[{"href":"https:\/\/lopunajat.fi\/blogi\/wp-json\/wp\/v2\/posts\/3671","targetHints":{"allow":["GET"]}}],"collection":[{"href":"https:\/\/lopunajat.fi\/blogi\/wp-json\/wp\/v2\/posts"}],"about":[{"href":"https:\/\/lopunajat.fi\/blogi\/wp-json\/wp\/v2\/types\/post"}],"author":[{"embeddable":true,"href":"https:\/\/lopunajat.fi\/blogi\/wp-json\/wp\/v2\/users\/1"}],"replies":[{"embeddable":true,"href":"https:\/\/lopunajat.fi\/blogi\/wp-json\/wp\/v2\/comments?post=3671"}],"version-history":[{"count":2,"href":"https:\/\/lopunajat.fi\/blogi\/wp-json\/wp\/v2\/posts\/3671\/revisions"}],"predecessor-version":[{"id":3674,"href":"https:\/\/lopunajat.fi\/blogi\/wp-json\/wp\/v2\/posts\/3671\/revisions\/3674"}],"wp:attachment":[{"href":"https:\/\/lopunajat.fi\/blogi\/wp-json\/wp\/v2\/media?parent=3671"}],"wp:term":[{"taxonomy":"category","embeddable":true,"href":"https:\/\/lopunajat.fi\/blogi\/wp-json\/wp\/v2\/categories?post=3671"},{"taxonomy":"post_tag","embeddable":true,"href":"https:\/\/lopunajat.fi\/blogi\/wp-json\/wp\/v2\/tags?post=3671"}],"curies":[{"name":"wp","href":"https:\/\/api.w.org\/{rel}","templated":true}]}}