{"id":3669,"date":"2015-09-15T23:59:05","date_gmt":"2015-09-15T20:59:05","guid":{"rendered":"http:\/\/www.lopunajat.fi\/blogi\/?p=3669"},"modified":"2015-09-17T18:28:21","modified_gmt":"2015-09-17T15:28:21","slug":"15-9-2015-terroria-sotaa-ja-hyvaa-kehitysta-ykn-yleiskokous-kay-lapi-maailman-tilan","status":"publish","type":"post","link":"https:\/\/lopunajat.fi\/blogi\/15-9-2015-terroria-sotaa-ja-hyvaa-kehitysta-ykn-yleiskokous-kay-lapi-maailman-tilan\/","title":{"rendered":"15.9.2015: Terroria, sotaa ja hyv\u00e4\u00e4 kehityst\u00e4 \u2013 YK:n yleiskokous k\u00e4y l\u00e4pi maailman tilan"},"content":{"rendered":"<p>&#8221;YK juhlii t\u00e4n\u00e4 vuonna tasavuosiaan, mutta el\u00e4kkeelle 70-vuotias j\u00e4rjest\u00f6 ei p\u00e4\u00e4se.Ty\u00f6m\u00e4\u00e4r\u00e4 moninkertaistuu ja vaikeutuu vuosi toisensa j\u00e4lkeen. Syyrian kriisi ja Eurooppaan laajentunut pakolaisuus ovat tuoreimpia asioita syksyn yleiskokouksessa. Kulissien takana on puolestaan alkanut uuden p\u00e4\u00e4sihteerin etsint\u00e4 \u2013 etel\u00e4korealaisen Ban Ki-moonin kymmenen vuotta kest\u00e4nyt kausi p\u00e4\u00e4ttyy ensi vuoden lopussa.<\/p>\n<p>YK aloittaa t\u00e4n\u00e4\u00e4n tiistaina New Yorkissa kolmen viikon yleiskokouksen, jonka maailmanj\u00e4rjest\u00f6 vie l\u00e4pi 70 vuoden rutiinilla. Asiat eiv\u00e4t ole tosin yksinkertaistuneet tai v\u00e4hentyneet.<\/p>\n<p>Avajaisp\u00e4iv\u00e4n\u00e4 kuullaan jordanialaisen YK:n ihmisoikeuskomissaarin Zeid Ra&#8217;ad Al Hussein raportti maailman asukkaiden tilasta. Onko h\u00e4n l\u00f6yt\u00e4nyt maailmankolkkaa, jossa ihmisoikeudet olisivat viime vuodesta parantuneet?<\/p>\n<p>Tasavallan presidentti Sauli Niinist\u00f6 osallistuu YK:n istuntoihin syyskuun loppupuolella. H\u00e4n puhuu kest\u00e4v\u00e4n kehityksen kokouksessa 25. syyskuuta. Kansallinen puheenvuoro on vuorossa 29. syyskuuta.<\/p>\n<p><strong>Vuosituhattavoitteet tarkastelussa<\/strong><br \/>\nSyyskuun lopulla yleiskokouksessa allekirjoitetaan uudet kehitystavoitteet seuraaviksi 15 vuodeksi.<\/p>\n<p>P\u00e4\u00e4sihteeri on listannut kuusi aihepiiri\u00e4, joiden ymp\u00e4rille tavoitteet laaditaan.\u00a0 Ne ovat YK:n hengen mukaisia kokonaisuuksia, jotka on p\u00e4ivitetty t\u00e4h\u00e4n aikaan ja joihin j\u00e4senvaltiot sitoutuvat.<\/p>\n<p>Samalla k\u00e4yd\u00e4\u00e4n j\u00e4lleen l\u00e4pi, mit\u00e4 onnistuttiin saamaan aikaan vuosien 2000-2015 aikana. YK katsoo, ett\u00e4 ensimm\u00e4isen jakson tavoitteista esimerkiksi \u00e4\u00e4rimm\u00e4inen k\u00f6yhyys on selv\u00e4sti v\u00e4hentynyt ja\u00a0 lasten peruskoulutus eri\u00a0 puolilla maailmaa parantunut.<\/p>\n<p><strong>Paavin vierailu koettelee New Yorkin kestokyky\u00e4<\/strong><br \/>\nNew Yorkin pormestari Bill de Blasio sanoo, ett\u00e4 paljon n\u00e4hneess\u00e4 miljoonakaupungissa koetaan syyskuun 24. p\u00e4iv\u00e4 j\u00e4lleen jotain uutta.<\/p>\n<p>\u2013 Emme ole koskaan kokeneet vastaavaa. Paavi Franciscuksen vierailu YK:ssa ja puhe yleiskokoukselle ovat ennenn\u00e4kem\u00e4tt\u00f6mi\u00e4 tapahtumia.<\/p>\n<p>Harvinaiseen Yhdysvaltain vierailuun liittyen YK:n j\u00e4lkeen Paavi k\u00e4y World Trade Centerin terrori-iskujen muistomerkill\u00e4 ja johtaa messun\u00a0 Madison Square Gardenissa.<\/p>\n<p><strong>Ven\u00e4j\u00e4 esitt\u00e4\u00e4 yhteist\u00e4 Syyria-operaatiota<\/strong><br \/>\nPaavin ohella yksi\u00a0 seuratuimmista puhujista on Ven\u00e4j\u00e4n presidentti Vladimir Putin, joka ei ole viime aikoina maansa rajojen ulkopuolella juuri liikkunut.<\/p>\n<p>Putinin odotetaan esitt\u00e4v\u00e4n YK:ssa yhteist\u00e4 koalitiota Syyrian kriisin ratkaisemiseksi. Ennakkotietojen mukaan Putinin hakee ehdotukselleen turvallisuusneuvoston kantaa.<\/p>\n<p>My\u00f6s Iranin sanotaan esitt\u00e4v\u00e4n oman suunnitelmansa Syyrian sodan lopettamiseksi.<\/p>\n<p><strong>P\u00e4\u00e4sihteerin vaihto edess\u00e4<\/strong><br \/>\nEtel\u00e4korealaisen Ban Ki-moonin p\u00e4\u00e4sihteeriys p\u00e4\u00e4ttyy ensi vuoden lopussa. Kymmenen vuotta virassa tulee silloin t\u00e4yteen.<\/p>\n<p>YK on p\u00e4\u00e4tt\u00e4nyt muuttaa valintaprosessia radikaalisti. Ensimm\u00e4isen kerran kaikkien hakijoiden ansioluettelot tulevat julkisiksi. Hakijat joutuvat my\u00f6s esitt\u00e4m\u00e4\u00e4n suunnitelman YK:n kehitt\u00e4miseksi. Lis\u00e4ksi j\u00e4senmaat saavat haastatella hakijoita.<\/p>\n<p>T\u00e4h\u00e4n saakka p\u00e4\u00e4sihteerin valintaa on hoidettu 15-j\u00e4senisess\u00e4 turvallisuusneuvostossa, jossa viisi pysyv\u00e4\u00e4 maata on k\u00e4ynyt viranhaltijasta kauppaa suljettujen ovien takana. Yhteisymm\u00e4rryksen j\u00e4lkeen nimi on viety muodollisesti p\u00e4\u00e4tett\u00e4v\u00e4ksi yleiskokoukselle.<\/p>\n<p>YK vakuuttaa, ett\u00e4 nyt olisi naisen vuoro nousta maailmanj\u00e4rjest\u00f6n johtoon.&#8221;<\/p>\n<p><a href=\"http:\/\/yle.fi\/uutiset\/terroria_sotaa_ja_hyvaa_kehitysta__ykn_yleiskokous_kay_lapi_maailman_tilan\/8307353\" target=\"_blank\">http:\/\/yle.fi\/uutiset\/terroria_sotaa_ja_hyvaa_kehitysta__ykn_yleiskokous_kay_lapi_maailman_tilan\/8307353<\/a><\/p>\n<p>&nbsp;<\/p>\n","protected":false},"excerpt":{"rendered":"<p>&#8221;YK juhlii t\u00e4n\u00e4 vuonna tasavuosiaan, mutta el\u00e4kkeelle 70-vuotias j\u00e4rjest\u00f6 ei p\u00e4\u00e4se.Ty\u00f6m\u00e4\u00e4r\u00e4 moninkertaistuu ja vaikeutuu vuosi toisensa j\u00e4lkeen. Syyrian kriisi ja Eurooppaan laajentunut pakolaisuus ovat tuoreimpia asioita syksyn yleiskokouksessa. Kulissien takana on puolestaan alkanut uuden p\u00e4\u00e4sihteerin etsint\u00e4 \u2013 etel\u00e4korealaisen Ban Ki-moonin kymmenen vuotta kest\u00e4nyt kausi p\u00e4\u00e4ttyy ensi vuoden lopussa. YK aloittaa t\u00e4n\u00e4\u00e4n tiistaina New Yorkissa kolmen [&hellip;]<\/p>\n","protected":false},"author":1,"featured_media":0,"comment_status":"closed","ping_status":"closed","sticky":false,"template":"","format":"standard","meta":{"footnotes":""},"categories":[1],"tags":[],"class_list":["post-3669","post","type-post","status-publish","format-standard","hentry","category-yleinen"],"_links":{"self":[{"href":"https:\/\/lopunajat.fi\/blogi\/wp-json\/wp\/v2\/posts\/3669","targetHints":{"allow":["GET"]}}],"collection":[{"href":"https:\/\/lopunajat.fi\/blogi\/wp-json\/wp\/v2\/posts"}],"about":[{"href":"https:\/\/lopunajat.fi\/blogi\/wp-json\/wp\/v2\/types\/post"}],"author":[{"embeddable":true,"href":"https:\/\/lopunajat.fi\/blogi\/wp-json\/wp\/v2\/users\/1"}],"replies":[{"embeddable":true,"href":"https:\/\/lopunajat.fi\/blogi\/wp-json\/wp\/v2\/comments?post=3669"}],"version-history":[{"count":1,"href":"https:\/\/lopunajat.fi\/blogi\/wp-json\/wp\/v2\/posts\/3669\/revisions"}],"predecessor-version":[{"id":3670,"href":"https:\/\/lopunajat.fi\/blogi\/wp-json\/wp\/v2\/posts\/3669\/revisions\/3670"}],"wp:attachment":[{"href":"https:\/\/lopunajat.fi\/blogi\/wp-json\/wp\/v2\/media?parent=3669"}],"wp:term":[{"taxonomy":"category","embeddable":true,"href":"https:\/\/lopunajat.fi\/blogi\/wp-json\/wp\/v2\/categories?post=3669"},{"taxonomy":"post_tag","embeddable":true,"href":"https:\/\/lopunajat.fi\/blogi\/wp-json\/wp\/v2\/tags?post=3669"}],"curies":[{"name":"wp","href":"https:\/\/api.w.org\/{rel}","templated":true}]}}