{"id":3652,"date":"2015-09-16T08:16:15","date_gmt":"2015-09-16T05:16:15","guid":{"rendered":"http:\/\/www.lopunajat.fi\/blogi\/?p=3652"},"modified":"2015-09-16T08:16:15","modified_gmt":"2015-09-16T05:16:15","slug":"16-9-2015-usa-pidatti-15-vuotiaan-terrori-iskun-suunnittelusta-paavia-vastaan","status":"publish","type":"post","link":"https:\/\/lopunajat.fi\/blogi\/16-9-2015-usa-pidatti-15-vuotiaan-terrori-iskun-suunnittelusta-paavia-vastaan\/","title":{"rendered":"16.9.2015: USA pid\u00e4tti 15-vuotiaan terrori-iskun suunnittelusta paavia vastaan"},"content":{"rendered":"<p>&#8221;Yhdysvalloissa on pid\u00e4tetty 15-vuotias poika ep\u00e4iltyn\u00e4 terrori-iskun suunnittelusta paavia vastaan. Asiasta uutisoi ABC News.<\/p>\n<p>Paavi Franciscus vierailee USA:ssa ensi viikolla.<\/p>\n<p>ABC:n l\u00e4hteiden mukaan poika olisi pid\u00e4tetty jo elokuun puolella. H\u00e4nen ep\u00e4ill\u00e4\u00e4n ottaneen suunnitelmaan vaikutteita islamistiselta \u00e4\u00e4rij\u00e4rjest\u00f6lt\u00e4 Isisilt\u00e4.<\/p>\n<p>Ensin uutisissa kerrottiin yleisemmin, ett\u00e4 pojan suunnitelman kohteena olisi ollut &#8221;ulkomaalainen merkkihenkil\u00f6&#8221;.<\/p>\n<p>Uutisen mukaan poika pid\u00e4tettiin it\u00e4rannikolla l\u00e4hell\u00e4 Philadelphiaa. Paavin on m\u00e4\u00e4r\u00e4 k\u00e4yd\u00e4 Yhdysvaltain-vierailullaan Philadelphiassa.<\/p>\n<p>Paavin vierailu on johtanut USA:ssa ennen\u00e4kem\u00e4tt\u00f6m\u00e4n suuriin turvatoimiin esimerkiksi New Yorkissa.&#8221;<\/p>\n<p><a href=\"http:\/\/www.mtv.fi\/uutiset\/ulkomaat\/artikkeli\/usa-pidatti-15-vuotiaan-terrori-iskun-suunnittelusta-paavia-vastaan\/5312992\" target=\"_blank\">http:\/\/www.mtv.fi\/uutiset\/ulkomaat\/artikkeli\/usa-pidatti-15-vuotiaan-terrori-iskun-suunnittelusta-paavia-vastaan\/5312992<\/a><\/p>\n<p>&nbsp;<\/p>\n","protected":false},"excerpt":{"rendered":"<p>&#8221;Yhdysvalloissa on pid\u00e4tetty 15-vuotias poika ep\u00e4iltyn\u00e4 terrori-iskun suunnittelusta paavia vastaan. Asiasta uutisoi ABC News. Paavi Franciscus vierailee USA:ssa ensi viikolla. ABC:n l\u00e4hteiden mukaan poika olisi pid\u00e4tetty jo elokuun puolella. H\u00e4nen ep\u00e4ill\u00e4\u00e4n ottaneen suunnitelmaan vaikutteita islamistiselta \u00e4\u00e4rij\u00e4rjest\u00f6lt\u00e4 Isisilt\u00e4. Ensin uutisissa kerrottiin yleisemmin, ett\u00e4 pojan suunnitelman kohteena olisi ollut &#8221;ulkomaalainen merkkihenkil\u00f6&#8221;. Uutisen mukaan poika pid\u00e4tettiin it\u00e4rannikolla l\u00e4hell\u00e4 [&hellip;]<\/p>\n","protected":false},"author":1,"featured_media":0,"comment_status":"closed","ping_status":"closed","sticky":false,"template":"","format":"standard","meta":{"footnotes":""},"categories":[1],"tags":[],"class_list":["post-3652","post","type-post","status-publish","format-standard","hentry","category-yleinen"],"_links":{"self":[{"href":"https:\/\/lopunajat.fi\/blogi\/wp-json\/wp\/v2\/posts\/3652","targetHints":{"allow":["GET"]}}],"collection":[{"href":"https:\/\/lopunajat.fi\/blogi\/wp-json\/wp\/v2\/posts"}],"about":[{"href":"https:\/\/lopunajat.fi\/blogi\/wp-json\/wp\/v2\/types\/post"}],"author":[{"embeddable":true,"href":"https:\/\/lopunajat.fi\/blogi\/wp-json\/wp\/v2\/users\/1"}],"replies":[{"embeddable":true,"href":"https:\/\/lopunajat.fi\/blogi\/wp-json\/wp\/v2\/comments?post=3652"}],"version-history":[{"count":1,"href":"https:\/\/lopunajat.fi\/blogi\/wp-json\/wp\/v2\/posts\/3652\/revisions"}],"predecessor-version":[{"id":3653,"href":"https:\/\/lopunajat.fi\/blogi\/wp-json\/wp\/v2\/posts\/3652\/revisions\/3653"}],"wp:attachment":[{"href":"https:\/\/lopunajat.fi\/blogi\/wp-json\/wp\/v2\/media?parent=3652"}],"wp:term":[{"taxonomy":"category","embeddable":true,"href":"https:\/\/lopunajat.fi\/blogi\/wp-json\/wp\/v2\/categories?post=3652"},{"taxonomy":"post_tag","embeddable":true,"href":"https:\/\/lopunajat.fi\/blogi\/wp-json\/wp\/v2\/tags?post=3652"}],"curies":[{"name":"wp","href":"https:\/\/api.w.org\/{rel}","templated":true}]}}