{"id":3622,"date":"2015-09-13T16:24:03","date_gmt":"2015-09-13T13:24:03","guid":{"rendered":"http:\/\/www.lopunajat.fi\/blogi\/?p=3622"},"modified":"2015-09-13T16:24:14","modified_gmt":"2015-09-13T13:24:14","slug":"13-9-2015-paavi-saa-vakijoukot-liikkeelle-kuubassa-ja-usassa","status":"publish","type":"post","link":"https:\/\/lopunajat.fi\/blogi\/13-9-2015-paavi-saa-vakijoukot-liikkeelle-kuubassa-ja-usassa\/","title":{"rendered":"13.9.2015: Paavi saa v\u00e4kijoukot liikkeelle Kuubassa ja USA:ssa"},"content":{"rendered":"<p>&#8221;Franciscukselle tarjoutuu tilaisuuksia n\u00e4ytt\u00e4viin poliittisiin linjanvetoihin.<\/p>\n<p>Vain puoli minuuttia ja kaikki 10 000 ilmaista lippua paavi Franciscuksen ulkoilmamessuun Philadelphiassa oli varattu. Roomalaiskatolilaisten johtajan ei tarvitse pel\u00e4t\u00e4 puhuvansa tyhjille katsomoille ensi viikonloppuna alkavalla matkallaan Yhdysvaltoihin ja Kuubaan.<\/p>\n<p>Paavit ovat vierailleet Havannassa ja Washingtonissa aiemminkin, mutta nyt matka on monestakin syyt\u00e4 poikkeuksellinen. Franciscuksen vierailussa on vahva poliittinen ulottuvuus, sill\u00e4 h\u00e4n oli henkil\u00f6kohtaisesti mukana v\u00e4litt\u00e4m\u00e4ss\u00e4 prosessia, joka johti Kuuban ja Yhdysvaltain diplomaattisuhteiden palauttamiseen.<\/p>\n<p>Kansainv\u00e4lisess\u00e4 politiikassa argentiinalaissyntyinen paavi ei ole vaiennut mielipiteist\u00e4\u00e4n, vaan on ottanut v\u00e4kev\u00e4sti kantaa muun muassa vapaan markkinatalouden synnytt\u00e4m\u00e4\u00e4 k\u00f6yhyytt\u00e4 ja eriarvoisuutta sek\u00e4 ilmastonmuutosta vastaan.<\/p>\n<p>Yhdysvalloissa tv-juontaja ehti jo nimet\u00e4 Franciscuksen \u201dplaneetan vaarallisimmaksi henkil\u00f6ksi\u201d. Kuuban kommunistijohtajiin paavin \u201dviisaus ja n\u00f6yryys\u201d on sen sijaan tehnyt vaikutuksen.<\/p>\n<p>\u2013 Jos paavi jatkaa t\u00e4ll\u00e4 linjalla, palaan katoliseen kirkkoon, presidentti Raul Castro sanoi vieraillessaan Vatikaanissa aiemmin t\u00e4n\u00e4 vuonna.<\/p>\n<p>\u2013 Kun paavi tulee Kuubaan, aion osallistua h\u00e4nen jokaiseen messuunsa, h\u00e4n vakuutti.<\/p>\n<p><strong>Ensimm\u00e4isen\u00e4 paavina kongressissa<\/strong><br \/>\nFranciscuksen vasemmistolaisilta haiskahtavat puheet ovat ehk\u00e4 saaneet amerikkalaiset konservatiivit huolestumaan, mutta presidentti Barack Obama ei ole salannut ihailevansa Franciscusta erityisesti t\u00e4m\u00e4n ilmastopolitiikan takia.<\/p>\n<p>Arvostuksesta kielii se, ett\u00e4 Obamat menev\u00e4t poikkeuksellisesti paavia vastaan jo t\u00e4m\u00e4n laskeutuessa Edwardsin lentotukikohtaan. Valkoisen talon vastaanoton j\u00e4lkeen Franciscus pit\u00e4\u00e4 ensimm\u00e4isen\u00e4 paavina puheen Yhdysvaltain kongressissa.<\/p>\n<p>N\u00e4ytt\u00e4v\u00e4t esiintymiset eiv\u00e4t lopu siihen: 25. syyskuuta Franciscus puhuu YK:n yleiskokouksessa New Yorkissa.&#8221;<\/p>\n<p><a href=\"http:\/\/www.iltasanomat.fi\/ulkomaat\/art-1442105489015.html\" target=\"_blank\">http:\/\/www.iltasanomat.fi\/ulkomaat\/art-1442105489015.html<\/a><\/p>\n<p>&nbsp;<\/p>\n","protected":false},"excerpt":{"rendered":"<p>&#8221;Franciscukselle tarjoutuu tilaisuuksia n\u00e4ytt\u00e4viin poliittisiin linjanvetoihin. Vain puoli minuuttia ja kaikki 10 000 ilmaista lippua paavi Franciscuksen ulkoilmamessuun Philadelphiassa oli varattu. Roomalaiskatolilaisten johtajan ei tarvitse pel\u00e4t\u00e4 puhuvansa tyhjille katsomoille ensi viikonloppuna alkavalla matkallaan Yhdysvaltoihin ja Kuubaan. Paavit ovat vierailleet Havannassa ja Washingtonissa aiemminkin, mutta nyt matka on monestakin syyt\u00e4 poikkeuksellinen. Franciscuksen vierailussa on vahva poliittinen [&hellip;]<\/p>\n","protected":false},"author":1,"featured_media":0,"comment_status":"closed","ping_status":"closed","sticky":false,"template":"","format":"standard","meta":{"footnotes":""},"categories":[1],"tags":[],"class_list":["post-3622","post","type-post","status-publish","format-standard","hentry","category-yleinen"],"_links":{"self":[{"href":"https:\/\/lopunajat.fi\/blogi\/wp-json\/wp\/v2\/posts\/3622","targetHints":{"allow":["GET"]}}],"collection":[{"href":"https:\/\/lopunajat.fi\/blogi\/wp-json\/wp\/v2\/posts"}],"about":[{"href":"https:\/\/lopunajat.fi\/blogi\/wp-json\/wp\/v2\/types\/post"}],"author":[{"embeddable":true,"href":"https:\/\/lopunajat.fi\/blogi\/wp-json\/wp\/v2\/users\/1"}],"replies":[{"embeddable":true,"href":"https:\/\/lopunajat.fi\/blogi\/wp-json\/wp\/v2\/comments?post=3622"}],"version-history":[{"count":1,"href":"https:\/\/lopunajat.fi\/blogi\/wp-json\/wp\/v2\/posts\/3622\/revisions"}],"predecessor-version":[{"id":3623,"href":"https:\/\/lopunajat.fi\/blogi\/wp-json\/wp\/v2\/posts\/3622\/revisions\/3623"}],"wp:attachment":[{"href":"https:\/\/lopunajat.fi\/blogi\/wp-json\/wp\/v2\/media?parent=3622"}],"wp:term":[{"taxonomy":"category","embeddable":true,"href":"https:\/\/lopunajat.fi\/blogi\/wp-json\/wp\/v2\/categories?post=3622"},{"taxonomy":"post_tag","embeddable":true,"href":"https:\/\/lopunajat.fi\/blogi\/wp-json\/wp\/v2\/tags?post=3622"}],"curies":[{"name":"wp","href":"https:\/\/api.w.org\/{rel}","templated":true}]}}