{"id":3563,"date":"2015-09-12T13:45:36","date_gmt":"2015-09-12T10:45:36","guid":{"rendered":"http:\/\/www.lopunajat.fi\/blogi\/?p=3563"},"modified":"2015-09-12T16:38:38","modified_gmt":"2015-09-12T13:38:38","slug":"12-9-2015-katolinen-kirkko-opettaa-kristuksen-olevan-saatanan-poika","status":"publish","type":"post","link":"https:\/\/lopunajat.fi\/blogi\/12-9-2015-katolinen-kirkko-opettaa-kristuksen-olevan-saatanan-poika\/","title":{"rendered":"12.9.2015: Katolinen kirkko opettaa Kristuksen olevan Saatanan poika"},"content":{"rendered":"<p>Lopunajat.fi 12.9.2015:<\/p>\n<p>Vatikaanissa 27.4.2014 pidetyss\u00e4 messussa julistettiin latinaksi Kristuksen olevan Saatanan (Luciferin) poika. Tilaisuus l\u00e4hetettiin ymp\u00e4ri maailman superter\u00e4v\u00e4piirtona (4K tarkkuudella) ja kolmiuloitteisena.<\/p>\n<p>Varsinainen virallinen &#8221;ohjelmanumero&#8221; oli edesmenneiden paavien Johannes Paavali II (Karol J\u00f3zef Wojty\u0142a) ja paavi Johannes XXIII (Angelo Giuseppe Roncalli) julistaminen &#8221;pyhimyksiksi&#8221;.<\/p>\n<p>Taas yksi merkitt\u00e4v\u00e4 n\u00e4ytt\u00f6 sille asialle, ett\u00e4 nykyinen paavi ja h\u00e4nen edustamansa instituutio on Ilmestyskirjan ilmoittama toinen peto.<\/p>\n<div class=\"epyt-video-wrapper\"><iframe  data-ep-a=\"zoomInUp\"  style=\"display: block; margin: 0px auto;\"  id=\"_ytid_28553\"  width=\"625\" height=\"352\"  data-origwidth=\"625\" data-origheight=\"352\" data-ep-src=\"https:\/\/www.youtube.com\/embed\/dcpVrtv2t-M?enablejsapi=1&#038;origin=https:\/\/lopunajat.fi&#038;autoplay=0&#038;cc_load_policy=1&#038;cc_lang_pref=&#038;iv_load_policy=3&#038;loop=0&#038;rel=0&#038;fs=1&#038;playsinline=0&#038;autohide=2&#038;hl=fi&#038;theme=dark&#038;color=red&#038;controls=1&#038;disablekb=0&#038;\" class=\"__youtube_prefs__  epyt-is-override  no-lazyload\" title=\"YouTube player\"  allow=\"fullscreen; accelerometer; autoplay; clipboard-write; encrypted-media; gyroscope; picture-in-picture; web-share\" referrerpolicy=\"strict-origin-when-cross-origin\" allowfullscreen data-no-lazy=\"1\" data-skipgform_ajax_framebjll=\"\"><\/iframe><\/div>\n<div class=\"epyt-video-wrapper\"><iframe  data-ep-a=\"zoomInUp\"  style=\"display: block; margin: 0px auto;\"  id=\"_ytid_53609\"  width=\"625\" height=\"352\"  data-origwidth=\"625\" data-origheight=\"352\" data-ep-src=\"https:\/\/www.youtube.com\/embed\/8F1LnBUho9g?enablejsapi=1&#038;origin=https:\/\/lopunajat.fi&#038;autoplay=0&#038;cc_load_policy=1&#038;cc_lang_pref=&#038;iv_load_policy=3&#038;loop=0&#038;rel=0&#038;fs=1&#038;playsinline=0&#038;autohide=2&#038;hl=fi&#038;theme=dark&#038;color=red&#038;controls=1&#038;disablekb=0&#038;\" class=\"__youtube_prefs__  epyt-is-override  no-lazyload\" title=\"YouTube player\"  allow=\"fullscreen; accelerometer; autoplay; clipboard-write; encrypted-media; gyroscope; picture-in-picture; web-share\" referrerpolicy=\"strict-origin-when-cross-origin\" allowfullscreen data-no-lazy=\"1\" data-skipgform_ajax_framebjll=\"\"><\/iframe><\/div>\n<div class=\"epyt-video-wrapper\"><iframe  data-ep-a=\"zoomInUp\"  style=\"display: block; margin: 0px auto;\"  id=\"_ytid_87315\"  width=\"625\" height=\"352\"  data-origwidth=\"625\" data-origheight=\"352\" data-ep-src=\"https:\/\/www.youtube.com\/embed\/ANfQumjpW_U?enablejsapi=1&#038;origin=https:\/\/lopunajat.fi&#038;autoplay=0&#038;cc_load_policy=1&#038;cc_lang_pref=&#038;iv_load_policy=3&#038;loop=0&#038;rel=0&#038;fs=1&#038;playsinline=0&#038;autohide=2&#038;hl=fi&#038;theme=dark&#038;color=red&#038;controls=1&#038;disablekb=0&#038;\" class=\"__youtube_prefs__  epyt-is-override  no-lazyload\" title=\"YouTube player\"  allow=\"fullscreen; accelerometer; autoplay; clipboard-write; encrypted-media; gyroscope; picture-in-picture; web-share\" referrerpolicy=\"strict-origin-when-cross-origin\" allowfullscreen data-no-lazy=\"1\" data-skipgform_ajax_framebjll=\"\"><\/iframe><\/div>\n<p>www.asianews.it\/news-en\/Pope:-April-27,-2014-John-Paul-II-and-Pope-Roncalli-will-be-proclaimed-saints-29144.html<\/p>\n","protected":false},"excerpt":{"rendered":"<p>Lopunajat.fi 12.9.2015: Vatikaanissa 27.4.2014 pidetyss\u00e4 messussa julistettiin latinaksi Kristuksen olevan Saatanan (Luciferin) poika. Tilaisuus l\u00e4hetettiin ymp\u00e4ri maailman superter\u00e4v\u00e4piirtona (4K tarkkuudella) ja kolmiuloitteisena. Varsinainen virallinen &#8221;ohjelmanumero&#8221; oli edesmenneiden paavien Johannes Paavali II (Karol J\u00f3zef Wojty\u0142a) ja paavi Johannes XXIII (Angelo Giuseppe Roncalli) julistaminen &#8221;pyhimyksiksi&#8221;. Taas yksi merkitt\u00e4v\u00e4 n\u00e4ytt\u00f6 sille asialle, ett\u00e4 nykyinen paavi ja h\u00e4nen edustamansa [&hellip;]<\/p>\n","protected":false},"author":1,"featured_media":0,"comment_status":"closed","ping_status":"closed","sticky":false,"template":"","format":"standard","meta":{"footnotes":""},"categories":[1],"tags":[],"class_list":["post-3563","post","type-post","status-publish","format-standard","hentry","category-yleinen"],"_links":{"self":[{"href":"https:\/\/lopunajat.fi\/blogi\/wp-json\/wp\/v2\/posts\/3563","targetHints":{"allow":["GET"]}}],"collection":[{"href":"https:\/\/lopunajat.fi\/blogi\/wp-json\/wp\/v2\/posts"}],"about":[{"href":"https:\/\/lopunajat.fi\/blogi\/wp-json\/wp\/v2\/types\/post"}],"author":[{"embeddable":true,"href":"https:\/\/lopunajat.fi\/blogi\/wp-json\/wp\/v2\/users\/1"}],"replies":[{"embeddable":true,"href":"https:\/\/lopunajat.fi\/blogi\/wp-json\/wp\/v2\/comments?post=3563"}],"version-history":[{"count":19,"href":"https:\/\/lopunajat.fi\/blogi\/wp-json\/wp\/v2\/posts\/3563\/revisions"}],"predecessor-version":[{"id":3598,"href":"https:\/\/lopunajat.fi\/blogi\/wp-json\/wp\/v2\/posts\/3563\/revisions\/3598"}],"wp:attachment":[{"href":"https:\/\/lopunajat.fi\/blogi\/wp-json\/wp\/v2\/media?parent=3563"}],"wp:term":[{"taxonomy":"category","embeddable":true,"href":"https:\/\/lopunajat.fi\/blogi\/wp-json\/wp\/v2\/categories?post=3563"},{"taxonomy":"post_tag","embeddable":true,"href":"https:\/\/lopunajat.fi\/blogi\/wp-json\/wp\/v2\/tags?post=3563"}],"curies":[{"name":"wp","href":"https:\/\/api.w.org\/{rel}","templated":true}]}}