{"id":3419,"date":"2015-08-31T23:55:02","date_gmt":"2015-08-31T20:55:02","guid":{"rendered":"http:\/\/www.lopunajat.fi\/blogi\/?p=3419"},"modified":"2015-09-04T08:25:18","modified_gmt":"2015-09-04T05:25:18","slug":"31-8-2015-soini-kahdenkeskiseen-tapaamiseen-yhdysvaltain-ulkoministerin-kanssa","status":"publish","type":"post","link":"https:\/\/lopunajat.fi\/blogi\/31-8-2015-soini-kahdenkeskiseen-tapaamiseen-yhdysvaltain-ulkoministerin-kanssa\/","title":{"rendered":"31.8.2015: Soini kahdenkeskiseen tapaamiseen Yhdysvaltain ulkoministerin kanssa"},"content":{"rendered":"<p>&#8221;Ulkoministeri Timo Soini tapaa Yhdysvaltain ulkoministeri John Kerryn kahdenkeskisess\u00e4 tapaamisessa Alaskassa.<\/p>\n<p>Arktisessa ilmastokonferenssissa iltap\u00e4iv\u00e4lle sovittu bilateraalinen tapaaminen on ensimm\u00e4inen kerta, kun Suomen ulkoministeri tapaa Kerryn kahden kesken. Ulkoministeri\u00f6n mukaan tapaaminen on lyhyt ja suunniteltu Alaskassa my\u00f6h\u00e4\u00e4n iltap\u00e4iv\u00e4lle eli aamuy\u00f6lle Suomen aikaan.<\/p>\n<p>Arktiset maat ovat koolla Alaskassa harvinaisessa ilmastokonferenssissa, josta odotetaan maiden yhteist\u00e4 julkilausumaa ilmastonmuutoksen torjumiseksi.&#8221;<\/p>\n<p><a href=\"http:\/\/www.mtv.fi\/uutiset\/ulkomaat\/artikkeli\/soini-kahdenkeskiseen-tapaamiseen-yhdysvaltain-ulkoministerin-kanssa\/5289114\" target=\"_blank\">http:\/\/www.mtv.fi\/uutiset\/ulkomaat\/artikkeli\/soini-kahdenkeskiseen-tapaamiseen-yhdysvaltain-ulkoministerin-kanssa\/5289114<\/a><\/p>\n","protected":false},"excerpt":{"rendered":"<p>&#8221;Ulkoministeri Timo Soini tapaa Yhdysvaltain ulkoministeri John Kerryn kahdenkeskisess\u00e4 tapaamisessa Alaskassa. Arktisessa ilmastokonferenssissa iltap\u00e4iv\u00e4lle sovittu bilateraalinen tapaaminen on ensimm\u00e4inen kerta, kun Suomen ulkoministeri tapaa Kerryn kahden kesken. Ulkoministeri\u00f6n mukaan tapaaminen on lyhyt ja suunniteltu Alaskassa my\u00f6h\u00e4\u00e4n iltap\u00e4iv\u00e4lle eli aamuy\u00f6lle Suomen aikaan. Arktiset maat ovat koolla Alaskassa harvinaisessa ilmastokonferenssissa, josta odotetaan maiden yhteist\u00e4 julkilausumaa ilmastonmuutoksen torjumiseksi.&#8221; [&hellip;]<\/p>\n","protected":false},"author":1,"featured_media":0,"comment_status":"closed","ping_status":"closed","sticky":false,"template":"","format":"standard","meta":{"footnotes":""},"categories":[1],"tags":[],"class_list":["post-3419","post","type-post","status-publish","format-standard","hentry","category-yleinen"],"_links":{"self":[{"href":"https:\/\/lopunajat.fi\/blogi\/wp-json\/wp\/v2\/posts\/3419","targetHints":{"allow":["GET"]}}],"collection":[{"href":"https:\/\/lopunajat.fi\/blogi\/wp-json\/wp\/v2\/posts"}],"about":[{"href":"https:\/\/lopunajat.fi\/blogi\/wp-json\/wp\/v2\/types\/post"}],"author":[{"embeddable":true,"href":"https:\/\/lopunajat.fi\/blogi\/wp-json\/wp\/v2\/users\/1"}],"replies":[{"embeddable":true,"href":"https:\/\/lopunajat.fi\/blogi\/wp-json\/wp\/v2\/comments?post=3419"}],"version-history":[{"count":1,"href":"https:\/\/lopunajat.fi\/blogi\/wp-json\/wp\/v2\/posts\/3419\/revisions"}],"predecessor-version":[{"id":3420,"href":"https:\/\/lopunajat.fi\/blogi\/wp-json\/wp\/v2\/posts\/3419\/revisions\/3420"}],"wp:attachment":[{"href":"https:\/\/lopunajat.fi\/blogi\/wp-json\/wp\/v2\/media?parent=3419"}],"wp:term":[{"taxonomy":"category","embeddable":true,"href":"https:\/\/lopunajat.fi\/blogi\/wp-json\/wp\/v2\/categories?post=3419"},{"taxonomy":"post_tag","embeddable":true,"href":"https:\/\/lopunajat.fi\/blogi\/wp-json\/wp\/v2\/tags?post=3419"}],"curies":[{"name":"wp","href":"https:\/\/api.w.org\/{rel}","templated":true}]}}