{"id":3357,"date":"2015-08-29T00:57:10","date_gmt":"2015-08-28T21:57:10","guid":{"rendered":"http:\/\/www.lopunajat.fi\/blogi\/?p=3357"},"modified":"2015-08-31T15:58:42","modified_gmt":"2015-08-31T12:58:42","slug":"28-8-2015-lasten-hyvaksikaytosta-syytetty-entinen-arkkipiispa-loydettiin-kuolleena-vatikaanissa","status":"publish","type":"post","link":"https:\/\/lopunajat.fi\/blogi\/28-8-2015-lasten-hyvaksikaytosta-syytetty-entinen-arkkipiispa-loydettiin-kuolleena-vatikaanissa\/","title":{"rendered":"28.8.2015: Lasten hyv\u00e4ksik\u00e4yt\u00f6st\u00e4 syytetty entinen arkkipiispa l\u00f6ydettiin kuolleena Vatikaanissa"},"content":{"rendered":"<p>&#8221;Puolalainen J\u00f3zef Weso\u0142owski oli korkea-arvoisin seksuaalirikoksista syytetty kirkon edustaja. Vatikaanin mukaan kuolemansyyn selvitt\u00e4minen vaatii lis\u00e4selvityksi\u00e4, vaikka alustavat tutkimukset viittaavaat luonnolliseen kuolemaan. Weso\u0142owskin kuolema on takaisku paavi Franciscuksen taistelulle pedofiliaa vastaan.<\/p>\n<p>Weso\u0142owski l\u00f6ydettiin kuolleena asunnostaan Vatikaanista varhain perjantaiaamuna. Vatikaanin tiedotteen mukaan alustavat kuolinsyy tutkimukset viittaavat luonnolliseen kuolemaan, mutta tapaus vaatii lis\u00e4selvityksi\u00e4.<\/p>\n<p>67-vuotias Weso\u0142owski oli syytettyn\u00e4 viisi vuotta kest\u00e4neest\u00e4 alaik\u00e4isten lasten seksuaalisesta hyv\u00e4ksik\u00e4yt\u00f6st\u00e4. Ep\u00e4illyt rikokset tapahtuivat h\u00e4nen olleessaan Vatikaanin suurl\u00e4hettil\u00e4s Dominikaanisessa tasavallassa vuosina 2008\u20132013. Italialaisen Il Corriere Della Sera -sanomalehden mukaan Weso\u0142owskin hallusta l\u00f6ydettiin lis\u00e4ksi yli 100\u00a0000 lapsipornovalokuvaa ja videota.<\/p>\n<p><strong>Weso\u0142owski oli erotettu virastaan ja odotti oikeudenk\u00e4ynti\u00e4<\/strong><br \/>\nWeso\u0142owski kutsuttiin takaisin Roomaan kaksi vuotta sitten ja h\u00e4net erotettiin arkkipiispanvirastaan. Oikeudenk\u00e4ynnin oli m\u00e4\u00e4r\u00e4 alkaa t\u00e4m\u00e4n vuoden hein\u00e4kuussa, mutta Weso\u0142owski sairastui vakavasti ensimm\u00e4isen oikeusistunnon aattona. Vatikaani ei kyselyist\u00e4 huolimatta kertonut, mihin Weso\u0142owski oli sairastunut. T\u00e4m\u00e4 her\u00e4tti kes\u00e4ll\u00e4 runsaasti huomiota, sill\u00e4 viel\u00e4 oikeudenk\u00e4ynti\u00e4 edelt\u00e4vin\u00e4 p\u00e4ivin\u00e4 Weso\u0142owskin kerrottiin olleen hyv\u00e4vointinen.<\/p>\n<p>Oikeudenk\u00e4ynnist\u00e4 piti tulla ainutlaatuisen laaja, sill\u00e4 Weso\u0142owski oli korkea-arvoisin pedofiliasta syytetty Vatikaanin virkamies. Tapaus sai osakseen laajaa huomiota tiedotusv\u00e4lineiss\u00e4 ymp\u00e4ri maailman, ja sit\u00e4 pidettiin testin\u00e4 sille, miten paavi Franciscuksen onnistuisi siivoamaan katolista kirkkoa lasten hyv\u00e4ksik\u00e4ytt\u00f6skandaaleista.<\/p>\n<p><strong>Weso\u0142owskin tapaus oli testi paavi Franciscuksen kovalle linjalle<\/strong><br \/>\nPaavi Franciscus lupasi pian virkaan astuttuaan omaksua nollatoleranssin lasten hyv\u00e4ksik\u00e4ytt\u00f6\u00e4 kohtaan. H\u00e4n muutti Vatikaanin hallintokoneiston toimintaa siten, ett\u00e4 hyv\u00e4ksik\u00e4ytt\u00f6tapausten selvitt\u00e4minen olisi helpompaa.<\/p>\n<p>Paavi Franciscus my\u00f6s halusi, ett\u00e4 Weso\u0142owskin oikeudenk\u00e4ynnin tuomareista yksik\u00e4\u00e4n ei kuulu papistoon. Oikeudenk\u00e4ynti olisi my\u00f6s t\u00e4ss\u00e4 mieless\u00e4 ollut ensimm\u00e4inen laatuaan Vatikaanissa.<\/p>\n<p>Weso\u0142owskin erottaminen arkkipiispan virasta oli \u00e4\u00e4rimm\u00e4isen harvinainen toimenpide. Se mahdollisti h\u00e4nen tuomisensa rikosoikeudelliseen vastuuseen, sill\u00e4 virasta erotettuna Weso\u0142owski menetti rikosoikeudellisen syytesuojansa. H\u00e4net oli m\u00e4\u00e4r\u00e4tty kotiarestiin, mutta p\u00e4\u00e4si kuitenkin liikkumaan vapaasti Vatikaanivaltion 44 hehtaarin alueella.<\/p>\n<p>Weso\u0142owskin yll\u00e4tt\u00e4v\u00e4 kuolema on takaisku paavi Franciscuksen taistelulle kirkon sis\u00e4ll\u00e4 tapahtuvaa lasten hyv\u00e4ksik\u00e4ytt\u00f6\u00e4 vastaan. Weso\u0142owskin tuomitseminen syytt\u00e4j\u00e4n esitt\u00e4m\u00e4\u00e4n usean vuoden vankeuteen olisi ollut viesti siit\u00e4, ett\u00e4 Franciscuksen kova linja toimii.&#8221;<\/p>\n<p><a href=\"http:\/\/yle.fi\/uutiset\/lasten_hyvaksikaytosta_syytetty_entinen_arkkipiispa_loydettiin_kuolleena_vatikaanissa\/8262599\" target=\"_blank\">http:\/\/yle.fi\/uutiset\/lasten_hyvaksikaytosta_syytetty_entinen_arkkipiispa_loydettiin_kuolleena_vatikaanissa\/8262599<\/a><\/p>\n","protected":false},"excerpt":{"rendered":"<p>&#8221;Puolalainen J\u00f3zef Weso\u0142owski oli korkea-arvoisin seksuaalirikoksista syytetty kirkon edustaja. Vatikaanin mukaan kuolemansyyn selvitt\u00e4minen vaatii lis\u00e4selvityksi\u00e4, vaikka alustavat tutkimukset viittaavaat luonnolliseen kuolemaan. Weso\u0142owskin kuolema on takaisku paavi Franciscuksen taistelulle pedofiliaa vastaan. Weso\u0142owski l\u00f6ydettiin kuolleena asunnostaan Vatikaanista varhain perjantaiaamuna. Vatikaanin tiedotteen mukaan alustavat kuolinsyy tutkimukset viittaavat luonnolliseen kuolemaan, mutta tapaus vaatii lis\u00e4selvityksi\u00e4. 67-vuotias Weso\u0142owski oli syytettyn\u00e4 viisi [&hellip;]<\/p>\n","protected":false},"author":1,"featured_media":0,"comment_status":"closed","ping_status":"closed","sticky":false,"template":"","format":"standard","meta":{"footnotes":""},"categories":[1],"tags":[],"class_list":["post-3357","post","type-post","status-publish","format-standard","hentry","category-yleinen"],"_links":{"self":[{"href":"https:\/\/lopunajat.fi\/blogi\/wp-json\/wp\/v2\/posts\/3357","targetHints":{"allow":["GET"]}}],"collection":[{"href":"https:\/\/lopunajat.fi\/blogi\/wp-json\/wp\/v2\/posts"}],"about":[{"href":"https:\/\/lopunajat.fi\/blogi\/wp-json\/wp\/v2\/types\/post"}],"author":[{"embeddable":true,"href":"https:\/\/lopunajat.fi\/blogi\/wp-json\/wp\/v2\/users\/1"}],"replies":[{"embeddable":true,"href":"https:\/\/lopunajat.fi\/blogi\/wp-json\/wp\/v2\/comments?post=3357"}],"version-history":[{"count":1,"href":"https:\/\/lopunajat.fi\/blogi\/wp-json\/wp\/v2\/posts\/3357\/revisions"}],"predecessor-version":[{"id":3358,"href":"https:\/\/lopunajat.fi\/blogi\/wp-json\/wp\/v2\/posts\/3357\/revisions\/3358"}],"wp:attachment":[{"href":"https:\/\/lopunajat.fi\/blogi\/wp-json\/wp\/v2\/media?parent=3357"}],"wp:term":[{"taxonomy":"category","embeddable":true,"href":"https:\/\/lopunajat.fi\/blogi\/wp-json\/wp\/v2\/categories?post=3357"},{"taxonomy":"post_tag","embeddable":true,"href":"https:\/\/lopunajat.fi\/blogi\/wp-json\/wp\/v2\/tags?post=3357"}],"curies":[{"name":"wp","href":"https:\/\/api.w.org\/{rel}","templated":true}]}}