{"id":3342,"date":"2015-08-29T22:02:52","date_gmt":"2015-08-29T19:02:52","guid":{"rendered":"http:\/\/www.lopunajat.fi\/blogi\/?p=3342"},"modified":"2015-08-29T22:14:34","modified_gmt":"2015-08-29T19:14:34","slug":"29-8-2015-paavi-ja-666","status":"publish","type":"post","link":"https:\/\/lopunajat.fi\/blogi\/29-8-2015-paavi-ja-666\/","title":{"rendered":"29.8.2015: Paavi ja 666"},"content":{"rendered":"<p>Lopunajat.fi<\/p>\n<p>Nykyinen paavi Franciscus valittiiin 13.3.2013, kun edellinen paavi irtisanoutui poikkeuksellisesti teht\u00e4v\u00e4st\u00e4\u00e4n.<\/p>\n<p>Edellinen paavi Benedictus XVI (oik. nimelt\u00e4\u00e4n Joseph Alois Ratzinger) kertoi 11.2.2013 j\u00e4tt\u00e4v\u00e4ns\u00e4 teht\u00e4v\u00e4ns\u00e4. Benedictus XVI sanoi, ettei h\u00e4nell\u00e4 ole voimia jatkaa teht\u00e4v\u00e4ss\u00e4. Edellisen kerran paavi on eronnut teht\u00e4v\u00e4st\u00e4\u00e4n vuonna 1415.<\/p>\n<p>Nykyinen paavi Franciscus (oik. nimelt\u00e4\u00e4n. Jorge Mario Bergoglio) on 266. paavi Vatikaanin virallisten luetteloiden mukaan. Franciscus on syntynyt 17. joulukuuta 1936. H\u00e4n on jesuiitta. Jesuiitat eli jesuiittaveljest\u00f6 on katolisen kirkon s\u00e4\u00e4nt\u00f6kunta ja sotilaallinen osasto.<\/p>\n<p>Eritt\u00e4in mielenkiinoiseksi asian tekee se, ett\u00e4 paavi Franciscusen valinta tapahtui t\u00e4sm\u00e4lleen 216 viikkoa Obaman virkaanastujaisten (20.1.2009) j\u00e4lkeen. Siis 6*6*6 on 216.<\/p>\n<p>Onko paavi Raamatun Ilmestyskirjan ilmoittama toinen Peto Obaman ollessa ensimm\u00e4inen?<\/p>\n<p>L\u00e4hitulevaisuus n\u00e4ytt\u00e4\u00e4.<\/p>\n<p>Katso video aiheesta <a href=\"https:\/\/lopunajat.fi\/tv\" target=\"_blank\">Obama ja 666<\/a>.<\/p>\n<p>&nbsp;<\/p>\n<p>&nbsp;<\/p>\n<p>&nbsp;<\/p>\n<p>&nbsp;<\/p>\n<p>&nbsp;<\/p>\n<p>&nbsp;<\/p>\n<p>&nbsp;<\/p>\n","protected":false},"excerpt":{"rendered":"<p>Lopunajat.fi Nykyinen paavi Franciscus valittiiin 13.3.2013, kun edellinen paavi irtisanoutui poikkeuksellisesti teht\u00e4v\u00e4st\u00e4\u00e4n. Edellinen paavi Benedictus XVI (oik. nimelt\u00e4\u00e4n Joseph Alois Ratzinger) kertoi 11.2.2013 j\u00e4tt\u00e4v\u00e4ns\u00e4 teht\u00e4v\u00e4ns\u00e4. Benedictus XVI sanoi, ettei h\u00e4nell\u00e4 ole voimia jatkaa teht\u00e4v\u00e4ss\u00e4. Edellisen kerran paavi on eronnut teht\u00e4v\u00e4st\u00e4\u00e4n vuonna 1415. Nykyinen paavi Franciscus (oik. nimelt\u00e4\u00e4n. Jorge Mario Bergoglio) on 266. paavi Vatikaanin virallisten [&hellip;]<\/p>\n","protected":false},"author":1,"featured_media":0,"comment_status":"closed","ping_status":"closed","sticky":false,"template":"","format":"standard","meta":{"footnotes":""},"categories":[1],"tags":[],"class_list":["post-3342","post","type-post","status-publish","format-standard","hentry","category-yleinen"],"_links":{"self":[{"href":"https:\/\/lopunajat.fi\/blogi\/wp-json\/wp\/v2\/posts\/3342","targetHints":{"allow":["GET"]}}],"collection":[{"href":"https:\/\/lopunajat.fi\/blogi\/wp-json\/wp\/v2\/posts"}],"about":[{"href":"https:\/\/lopunajat.fi\/blogi\/wp-json\/wp\/v2\/types\/post"}],"author":[{"embeddable":true,"href":"https:\/\/lopunajat.fi\/blogi\/wp-json\/wp\/v2\/users\/1"}],"replies":[{"embeddable":true,"href":"https:\/\/lopunajat.fi\/blogi\/wp-json\/wp\/v2\/comments?post=3342"}],"version-history":[{"count":7,"href":"https:\/\/lopunajat.fi\/blogi\/wp-json\/wp\/v2\/posts\/3342\/revisions"}],"predecessor-version":[{"id":3349,"href":"https:\/\/lopunajat.fi\/blogi\/wp-json\/wp\/v2\/posts\/3342\/revisions\/3349"}],"wp:attachment":[{"href":"https:\/\/lopunajat.fi\/blogi\/wp-json\/wp\/v2\/media?parent=3342"}],"wp:term":[{"taxonomy":"category","embeddable":true,"href":"https:\/\/lopunajat.fi\/blogi\/wp-json\/wp\/v2\/categories?post=3342"},{"taxonomy":"post_tag","embeddable":true,"href":"https:\/\/lopunajat.fi\/blogi\/wp-json\/wp\/v2\/tags?post=3342"}],"curies":[{"name":"wp","href":"https:\/\/api.w.org\/{rel}","templated":true}]}}