{"id":3311,"date":"2015-08-29T00:46:40","date_gmt":"2015-08-28T21:46:40","guid":{"rendered":"http:\/\/www.lopunajat.fi\/blogi\/?p=3311"},"modified":"2015-08-29T00:52:53","modified_gmt":"2015-08-28T21:52:53","slug":"28-8-2015-itavalta-yli-70-kuollutta-pakolaista-kuorma-autossa","status":"publish","type":"post","link":"https:\/\/lopunajat.fi\/blogi\/28-8-2015-itavalta-yli-70-kuollutta-pakolaista-kuorma-autossa\/","title":{"rendered":"28.8.2015: It\u00e4valta: Yli 70 kuollutta pakolaista kuorma-autossa"},"content":{"rendered":"<p>&#8221;It\u00e4vallan viranomaisten mukaan torstaina l\u00f6ydetyss\u00e4 kuorma-autosta oli yli 70 ruumista.<br \/>\nIt\u00e4vallan viranomaiset ovat nostaneet torstain paljastuneen tragedian uhrilukua. Maan it\u00e4osista moottoritielt\u00e4 l\u00f6ytyneess\u00e4 kuorma-autossa oli jopa yli 70 ruumista.<\/p>\n<p>Viranomaiset vahvistivat tiedon uutistoimisto AFP:lle.<\/p>\n<p>Poliisi arvioi viel\u00e4 eilen, ett\u00e4 kuolleita olisi ollut 20\u201350, mutta luku on tarkentunut, kun autoa tutkittiin y\u00f6n yli.<\/p>\n<p>Uhrien uskotaan olevan It\u00e4-Euroopan l\u00e4pi maahan tulleita pakolaisia.<\/p>\n<p>Poliisi etsii auton kuljettajaa, joka on kateissa. Autossa on unkarilaiset rekisterikilvet ja slovakialaisen yrityksen mainokset.<\/p>\n<p>Poliisi ei kerro uhrien syntyper\u00e4\u00e4, sukupuolta tai ik\u00e4\u00e4.<\/p>\n<p>Kylm\u00e4kuljetusauto oli tullut maahan Unkarista. Poliisin mukaan rikostekninen tutkinta on kesken.<\/p>\n<p>Poliisi kertoi eilen illalla, ett\u00e4 kuorma-autosta l\u00f6ydetyt ihmiset kuolivat mahdollisesti jo kaksi p\u00e4iv\u00e4\u00e4 ennen kuin auto saapui It\u00e4valtaan. Ruumiit olivat pahoin m\u00e4d\u00e4ntyneet.<\/p>\n<p>Poliisit tekiv\u00e4t l\u00f6yd\u00f6n, kun he meniv\u00e4t tarkistamaan moottoritien levikkeelle hyl\u00e4tty\u00e4 kylm\u00e4kuljetusautoa.<\/p>\n<p>Poliisin on m\u00e4\u00e4r\u00e4 kertoa tapauksesta lis\u00e4\u00e4 tiedotustilaisuudessa my\u00f6hemmin t\u00e4n\u00e4\u00e4n.&#8221;<\/p>\n<p><a href=\"http:\/\/www.iltasanomat.fi\/ulkomaat\/art-1440723078217.html\" target=\"_blank\">http:\/\/www.iltasanomat.fi\/ulkomaat\/art-1440723078217.html<\/a><\/p>\n<p><a href=\"http:\/\/www.iltasanomat.fi\/ulkomaat\/art-1440735044089.html\" target=\"_blank\">http:\/\/www.iltasanomat.fi\/ulkomaat\/art-1440735044089.html<\/a><\/p>\n<p>&nbsp;<\/p>\n<h1>27.8.2015: Pakolaiskriisi\u00e4 puidaan L\u00e4nsi-Balkanin osalta<\/h1>\n<p>&#8221;It\u00e4vallan p\u00e4\u00e4kaupungissa Wieniss\u00e4 puidaan t\u00e4n\u00e4\u00e4n Euroopan pakolaiskriisi\u00e4.<\/p>\n<p>L\u00e4nsi-Balkanin maiden johtajia kokoontuu kaupunkiin huippukokoukseen yhdess\u00e4 Saksan liittokanslerin Angela Merkelin kanssa.<\/p>\n<p>Serbian, Slovenian, Kroatian ja Albanian p\u00e4\u00e4ministerien ohella paikalle odotetaan Italian p\u00e4\u00e4ministeri\u00e4 sek\u00e4 EU:n ulkoministeri\u00e4 Federica Mogherinia.<\/p>\n<p>L\u00e4nsi-Balkanin alueesta on tullut viime aikoina johtavia reittej\u00e4, joita pitkin pakolaiset pyrkiv\u00e4t EU:n alueelle. Esimerkiksi Unkariin on tullut t\u00e4ll\u00e4 viikolla tuhansia ihmisi\u00e4 Serbian puolelta.&#8221;<\/p>\n<p><a href=\"http:\/\/www.mtv.fi\/uutiset\/ulkomaat\/artikkeli\/pakolaiskriisia-puidaan-lansi-balkanin-osalta\/5282626\" target=\"_blank\">http:\/\/www.mtv.fi\/uutiset\/ulkomaat\/artikkeli\/pakolaiskriisia-puidaan-lansi-balkanin-osalta\/5282626<\/a><\/p>\n<p>&nbsp;<\/p>\n<p>&nbsp;<\/p>\n","protected":false},"excerpt":{"rendered":"<p>&#8221;It\u00e4vallan viranomaisten mukaan torstaina l\u00f6ydetyss\u00e4 kuorma-autosta oli yli 70 ruumista. It\u00e4vallan viranomaiset ovat nostaneet torstain paljastuneen tragedian uhrilukua. Maan it\u00e4osista moottoritielt\u00e4 l\u00f6ytyneess\u00e4 kuorma-autossa oli jopa yli 70 ruumista. Viranomaiset vahvistivat tiedon uutistoimisto AFP:lle. Poliisi arvioi viel\u00e4 eilen, ett\u00e4 kuolleita olisi ollut 20\u201350, mutta luku on tarkentunut, kun autoa tutkittiin y\u00f6n yli. Uhrien uskotaan olevan It\u00e4-Euroopan [&hellip;]<\/p>\n","protected":false},"author":1,"featured_media":0,"comment_status":"closed","ping_status":"closed","sticky":false,"template":"","format":"standard","meta":{"footnotes":""},"categories":[1],"tags":[],"class_list":["post-3311","post","type-post","status-publish","format-standard","hentry","category-yleinen"],"_links":{"self":[{"href":"https:\/\/lopunajat.fi\/blogi\/wp-json\/wp\/v2\/posts\/3311","targetHints":{"allow":["GET"]}}],"collection":[{"href":"https:\/\/lopunajat.fi\/blogi\/wp-json\/wp\/v2\/posts"}],"about":[{"href":"https:\/\/lopunajat.fi\/blogi\/wp-json\/wp\/v2\/types\/post"}],"author":[{"embeddable":true,"href":"https:\/\/lopunajat.fi\/blogi\/wp-json\/wp\/v2\/users\/1"}],"replies":[{"embeddable":true,"href":"https:\/\/lopunajat.fi\/blogi\/wp-json\/wp\/v2\/comments?post=3311"}],"version-history":[{"count":6,"href":"https:\/\/lopunajat.fi\/blogi\/wp-json\/wp\/v2\/posts\/3311\/revisions"}],"predecessor-version":[{"id":3319,"href":"https:\/\/lopunajat.fi\/blogi\/wp-json\/wp\/v2\/posts\/3311\/revisions\/3319"}],"wp:attachment":[{"href":"https:\/\/lopunajat.fi\/blogi\/wp-json\/wp\/v2\/media?parent=3311"}],"wp:term":[{"taxonomy":"category","embeddable":true,"href":"https:\/\/lopunajat.fi\/blogi\/wp-json\/wp\/v2\/categories?post=3311"},{"taxonomy":"post_tag","embeddable":true,"href":"https:\/\/lopunajat.fi\/blogi\/wp-json\/wp\/v2\/tags?post=3311"}],"curies":[{"name":"wp","href":"https:\/\/api.w.org\/{rel}","templated":true}]}}