{"id":3301,"date":"2015-08-29T00:31:05","date_gmt":"2015-08-28T21:31:05","guid":{"rendered":"http:\/\/www.lopunajat.fi\/blogi\/?p=3301"},"modified":"2015-08-29T00:31:05","modified_gmt":"2015-08-28T21:31:05","slug":"28-8-2015-zuckerberg-joka-seitsemas-ihminen-kaytti-facebookia-maanantaina","status":"publish","type":"post","link":"https:\/\/lopunajat.fi\/blogi\/28-8-2015-zuckerberg-joka-seitsemas-ihminen-kaytti-facebookia-maanantaina\/","title":{"rendered":"28.8.2015: Zuckerberg: Joka seitsem\u00e4s ihminen k\u00e4ytti Facebookia maanantaina"},"content":{"rendered":"<p>&#8221;V\u00e4hint\u00e4\u00e4n kerran kuussa Facebookiin kirjautuvia ihmisi\u00e4 on l\u00e4hes 1,5 miljardia. Yhti\u00f6 t\u00e4hy\u00e4\u00e4 nyt Afrikkaan, mutta my\u00f6s Aasiaan ja Latinalaiseen Amerikkaan.<\/p>\n<p>hteis\u00f6palvelu Facebookia k\u00e4ytti maanantaina miljardi ihmist\u00e4, yhti\u00f6 kertoi torstaina.<\/p>\n<p>\u2013 Ohitimme juuri t\u00e4rke\u00e4n merkkipaalun. Maanantaina yksi seitsem\u00e4st\u00e4 ihmisest\u00e4 maapallolla k\u00e4ytti Facebookia ollakseen yhteydess\u00e4 yst\u00e4viins\u00e4 ja perheeseens\u00e4, Facebookin perustaja ja toimitusjohtaja Mark Zuckerberg kirjoittaa Facebook-p\u00e4ivityksess\u00e4\u00e4n.<\/p>\n<p>Lokakuussa 2012 yhti\u00f6 kertoi, ett\u00e4 sill\u00e4 on miljardi k\u00e4ytt\u00e4j\u00e4\u00e4, jotka k\u00e4yv\u00e4t sivustolla ainakin kerran kuussa. Toimitusjohtaja Zuckerberg ennustaa palvelun kasvavan edelleen.<\/p>\n<p>\u2013 Yhti\u00f6 on keskittynyt nyt Afrikkaan, suureen osaan Aasiasta ja osiin Latinalaisesta Amerikasta, arvioi Britannian yleisradioyhti\u00f6 BBC:n teknologiatoimittaja Dave Lee.<\/p>\n<p>Hein\u00e4kuussa yhti\u00f6 kertoi, ett\u00e4 kuukausittain Facebookia k\u00e4ytt\u00e4vien ihmisten m\u00e4\u00e4r\u00e4 on noussut 13 prosenttia vuodentakaisesta 1,49 miljardiin. Tuolloisten tietojen mukaan Facebookia k\u00e4ytt\u00e4\u00e4 aktiivisesti \u00e4lypuhelimella tai tabletilla 1,31 miljardia ihmist\u00e4. Viime kuussa Facebook v\u00e4itti, ett\u00e4 interneti\u00e4 k\u00e4ytt\u00e4vist\u00e4 ihmisist\u00e4 yli puolet k\u00e4y Facebookissa ainakin kerran kuussa.<\/p>\n<p>Zuckerberg perusti Facebookin vuonna 2004 opiskellessaan Harvardin yliopistossa.&#8221;<\/p>\n<p><a href=\"http:\/\/yle.fi\/uutiset\/zuckerberg_joka_seitsemas_ihminen_kaytti_facebookia_maanantaina\/8261329\" target=\"_blank\">http:\/\/yle.fi\/uutiset\/zuckerberg_joka_seitsemas_ihminen_kaytti_facebookia_maanantaina\/8261329<\/a><\/p>\n<p>&nbsp;<\/p>\n","protected":false},"excerpt":{"rendered":"<p>&#8221;V\u00e4hint\u00e4\u00e4n kerran kuussa Facebookiin kirjautuvia ihmisi\u00e4 on l\u00e4hes 1,5 miljardia. Yhti\u00f6 t\u00e4hy\u00e4\u00e4 nyt Afrikkaan, mutta my\u00f6s Aasiaan ja Latinalaiseen Amerikkaan. hteis\u00f6palvelu Facebookia k\u00e4ytti maanantaina miljardi ihmist\u00e4, yhti\u00f6 kertoi torstaina. \u2013 Ohitimme juuri t\u00e4rke\u00e4n merkkipaalun. Maanantaina yksi seitsem\u00e4st\u00e4 ihmisest\u00e4 maapallolla k\u00e4ytti Facebookia ollakseen yhteydess\u00e4 yst\u00e4viins\u00e4 ja perheeseens\u00e4, Facebookin perustaja ja toimitusjohtaja Mark Zuckerberg kirjoittaa Facebook-p\u00e4ivityksess\u00e4\u00e4n. Lokakuussa [&hellip;]<\/p>\n","protected":false},"author":1,"featured_media":0,"comment_status":"closed","ping_status":"closed","sticky":false,"template":"","format":"standard","meta":{"footnotes":""},"categories":[1],"tags":[],"class_list":["post-3301","post","type-post","status-publish","format-standard","hentry","category-yleinen"],"_links":{"self":[{"href":"https:\/\/lopunajat.fi\/blogi\/wp-json\/wp\/v2\/posts\/3301","targetHints":{"allow":["GET"]}}],"collection":[{"href":"https:\/\/lopunajat.fi\/blogi\/wp-json\/wp\/v2\/posts"}],"about":[{"href":"https:\/\/lopunajat.fi\/blogi\/wp-json\/wp\/v2\/types\/post"}],"author":[{"embeddable":true,"href":"https:\/\/lopunajat.fi\/blogi\/wp-json\/wp\/v2\/users\/1"}],"replies":[{"embeddable":true,"href":"https:\/\/lopunajat.fi\/blogi\/wp-json\/wp\/v2\/comments?post=3301"}],"version-history":[{"count":1,"href":"https:\/\/lopunajat.fi\/blogi\/wp-json\/wp\/v2\/posts\/3301\/revisions"}],"predecessor-version":[{"id":3302,"href":"https:\/\/lopunajat.fi\/blogi\/wp-json\/wp\/v2\/posts\/3301\/revisions\/3302"}],"wp:attachment":[{"href":"https:\/\/lopunajat.fi\/blogi\/wp-json\/wp\/v2\/media?parent=3301"}],"wp:term":[{"taxonomy":"category","embeddable":true,"href":"https:\/\/lopunajat.fi\/blogi\/wp-json\/wp\/v2\/categories?post=3301"},{"taxonomy":"post_tag","embeddable":true,"href":"https:\/\/lopunajat.fi\/blogi\/wp-json\/wp\/v2\/tags?post=3301"}],"curies":[{"name":"wp","href":"https:\/\/api.w.org\/{rel}","templated":true}]}}